{"id":1086,"date":"2022-02-17T16:31:52","date_gmt":"2022-02-17T15:31:52","guid":{"rendered":"https:\/\/amvs.ch\/?p=1086"},"modified":"2022-02-17T16:31:52","modified_gmt":"2022-02-17T15:31:52","slug":"assemblee-generale-de-lasma","status":"publish","type":"post","link":"https:\/\/amvs.ch\/fr\/assemblee-generale-de-lasma\/","title":{"rendered":"Assembl\u00e9e G\u00e9n\u00e9rale de l&rsquo;ASMA"},"content":{"rendered":"<p>La 3\u00e8me Assembl\u00e9e G\u00e9n\u00e9rale de l&rsquo;ASMA aura lieu le vendredi 11 mars 2022 \u00e0 10h15 en ligne par zoom.<\/p>\n<div>L&rsquo;apr\u00e8s-midi, de 14h00 \u00e0 16h00, aura lieu le s\u00e9minaire \u00ab\u00a0Soma, la dimension d&rsquo;exp\u00e9rience interne et externe\u00a0\u00bb pr\u00e9sent\u00e9 par le Dr. m\u00e9d. Wolfgang Schachinger (m\u00e9decin g\u00e9n\u00e9raliste pratiquant la m\u00e9decine ayurv\u00e9dique dans son propre cabinet depuis 1984 et pionnier de l&rsquo;Ayurv\u00e9da en Europe). Ce s\u00e9minaire est gratuit pour les membres de l&rsquo;AMVS.<\/div>\n","protected":false},"excerpt":{"rendered":"<p>La 3\u00e8me Assembl\u00e9e G\u00e9n\u00e9rale de l&rsquo;ASMA aura lieu le vendredi 11 mars 2022 \u00e0 10h15 en ligne par zoom. L&rsquo;apr\u00e8s-midi, de 14h00 \u00e0 16h00, aura lieu le s\u00e9minaire \u00ab\u00a0Soma, la dimension d&rsquo;exp\u00e9rience interne et externe\u00a0\u00bb pr\u00e9sent\u00e9 par le Dr. m\u00e9d. Wolfgang Schachinger (m\u00e9decin g\u00e9n\u00e9raliste pratiquant la m\u00e9decine ayurv\u00e9dique dans son propre cabinet depuis 1984 et&hellip;<\/p>\n","protected":false},"author":9,"featured_media":0,"comment_status":"closed","ping_status":"closed","sticky":false,"template":"","format":"standard","meta":{"footnotes":""},"categories":[9],"tags":[],"class_list":["post-1086","post","type-post","status-publish","format-standard","hentry","category-non-classifiee"],"yoast_head":"<!-- This site is optimized with the Yoast SEO plugin v27.5 - https:\/\/yoast.com\/product\/yoast-seo-wordpress\/ -->\n<title>Assembl\u00e9e G\u00e9n\u00e9rale de l&#039;ASMA - AMVS - Ayurveda Medizin Verband Schweiz<\/title>\n<meta name=\"robots\" content=\"index, follow, max-snippet:-1, max-image-preview:large, max-video-preview:-1\" \/>\n<link rel=\"canonical\" href=\"https:\/\/amvs.ch\/fr\/assemblee-generale-de-lasma\/\" \/>\n<meta property=\"og:locale\" content=\"fr_FR\" \/>\n<meta property=\"og:type\" content=\"article\" \/>\n<meta property=\"og:title\" content=\"Assembl\u00e9e G\u00e9n\u00e9rale de l&#039;ASMA - AMVS - Ayurveda Medizin Verband Schweiz\" \/>\n<meta property=\"og:description\" content=\"La 3\u00e8me Assembl\u00e9e G\u00e9n\u00e9rale de l&rsquo;ASMA aura lieu le vendredi 11 mars 2022 \u00e0 10h15 en ligne par zoom. L&rsquo;apr\u00e8s-midi, de 14h00 \u00e0 16h00, aura lieu le s\u00e9minaire \u00ab\u00a0Soma, la dimension d&rsquo;exp\u00e9rience interne et externe\u00a0\u00bb pr\u00e9sent\u00e9 par le Dr. m\u00e9d. Wolfgang Schachinger (m\u00e9decin g\u00e9n\u00e9raliste pratiquant la m\u00e9decine ayurv\u00e9dique dans son propre cabinet depuis 1984 et&hellip;\" \/>\n<meta property=\"og:url\" content=\"https:\/\/amvs.ch\/fr\/assemblee-generale-de-lasma\/\" \/>\n<meta property=\"og:site_name\" content=\"AMVS - Ayurveda Medizin Verband Schweiz\" \/>\n<meta property=\"article:published_time\" content=\"2022-02-17T15:31:52+00:00\" \/>\n<meta name=\"author\" content=\"amvs_crype_admin\" \/>\n<meta name=\"twitter:card\" content=\"summary_large_image\" \/>\n<meta name=\"twitter:label1\" content=\"\u00c9crit par\" \/>\n\t<meta name=\"twitter:data1\" content=\"amvs_crype_admin\" \/>\n\t<meta name=\"twitter:label2\" content=\"Dur\u00e9e de lecture estim\u00e9e\" \/>\n\t<meta name=\"twitter:data2\" content=\"1 minute\" \/>\n<script type=\"application\/ld+json\" class=\"yoast-schema-graph\">{\"@context\":\"https:\\\/\\\/schema.org\",\"@graph\":[{\"@type\":\"Article\",\"@id\":\"https:\\\/\\\/amvs.ch\\\/fr\\\/assemblee-generale-de-lasma\\\/#article\",\"isPartOf\":{\"@id\":\"https:\\\/\\\/amvs.ch\\\/fr\\\/assemblee-generale-de-lasma\\\/\"},\"author\":{\"name\":\"amvs_crype_admin\",\"@id\":\"https:\\\/\\\/amvs.ch\\\/fr\\\/#\\\/schema\\\/person\\\/b7419cdad48807f487b4c5e167814cc8\"},\"headline\":\"Assembl\u00e9e G\u00e9n\u00e9rale de l&rsquo;ASMA\",\"datePublished\":\"2022-02-17T15:31:52+00:00\",\"mainEntityOfPage\":{\"@id\":\"https:\\\/\\\/amvs.ch\\\/fr\\\/assemblee-generale-de-lasma\\\/\"},\"wordCount\":92,\"publisher\":{\"@id\":\"https:\\\/\\\/amvs.ch\\\/fr\\\/#organization\"},\"articleSection\":[\"Non classifi\u00e9(e)\"],\"inLanguage\":\"fr-FR\"},{\"@type\":\"WebPage\",\"@id\":\"https:\\\/\\\/amvs.ch\\\/fr\\\/assemblee-generale-de-lasma\\\/\",\"url\":\"https:\\\/\\\/amvs.ch\\\/fr\\\/assemblee-generale-de-lasma\\\/\",\"name\":\"Assembl\u00e9e G\u00e9n\u00e9rale de l'ASMA - AMVS - Ayurveda Medizin Verband Schweiz\",\"isPartOf\":{\"@id\":\"https:\\\/\\\/amvs.ch\\\/fr\\\/#website\"},\"datePublished\":\"2022-02-17T15:31:52+00:00\",\"breadcrumb\":{\"@id\":\"https:\\\/\\\/amvs.ch\\\/fr\\\/assemblee-generale-de-lasma\\\/#breadcrumb\"},\"inLanguage\":\"fr-FR\",\"potentialAction\":[{\"@type\":\"ReadAction\",\"target\":[\"https:\\\/\\\/amvs.ch\\\/fr\\\/assemblee-generale-de-lasma\\\/\"]}]},{\"@type\":\"BreadcrumbList\",\"@id\":\"https:\\\/\\\/amvs.ch\\\/fr\\\/assemblee-generale-de-lasma\\\/#breadcrumb\",\"itemListElement\":[{\"@type\":\"ListItem\",\"position\":1,\"name\":\"Startseite\",\"item\":\"https:\\\/\\\/amvs.ch\\\/fr\\\/\"},{\"@type\":\"ListItem\",\"position\":2,\"name\":\"Assembl\u00e9e G\u00e9n\u00e9rale de l&#8217;ASMA\"}]},{\"@type\":\"WebSite\",\"@id\":\"https:\\\/\\\/amvs.ch\\\/fr\\\/#website\",\"url\":\"https:\\\/\\\/amvs.ch\\\/fr\\\/\",\"name\":\"AMVS - Ayurveda Medizin Verband Schweiz\",\"description\":\"Ayurveda Medizin Verband Schweiz\",\"publisher\":{\"@id\":\"https:\\\/\\\/amvs.ch\\\/fr\\\/#organization\"},\"potentialAction\":[{\"@type\":\"SearchAction\",\"target\":{\"@type\":\"EntryPoint\",\"urlTemplate\":\"https:\\\/\\\/amvs.ch\\\/fr\\\/?s={search_term_string}\"},\"query-input\":{\"@type\":\"PropertyValueSpecification\",\"valueRequired\":true,\"valueName\":\"search_term_string\"}}],\"inLanguage\":\"fr-FR\"},{\"@type\":\"Organization\",\"@id\":\"https:\\\/\\\/amvs.ch\\\/fr\\\/#organization\",\"name\":\"Ayurveda Medizin Verband Schweiz\",\"url\":\"https:\\\/\\\/amvs.ch\\\/fr\\\/\",\"logo\":{\"@type\":\"ImageObject\",\"inLanguage\":\"fr-FR\",\"@id\":\"https:\\\/\\\/amvs.ch\\\/fr\\\/#\\\/schema\\\/logo\\\/image\\\/\",\"url\":\"https:\\\/\\\/amvs.ch\\\/wp-content\\\/uploads\\\/logo-amvs-pos.png\",\"contentUrl\":\"https:\\\/\\\/amvs.ch\\\/wp-content\\\/uploads\\\/logo-amvs-pos.png\",\"width\":400,\"height\":63,\"caption\":\"Ayurveda Medizin Verband Schweiz\"},\"image\":{\"@id\":\"https:\\\/\\\/amvs.ch\\\/fr\\\/#\\\/schema\\\/logo\\\/image\\\/\"}},{\"@type\":\"Person\",\"@id\":\"https:\\\/\\\/amvs.ch\\\/fr\\\/#\\\/schema\\\/person\\\/b7419cdad48807f487b4c5e167814cc8\",\"name\":\"amvs_crype_admin\",\"image\":{\"@type\":\"ImageObject\",\"inLanguage\":\"fr-FR\",\"@id\":\"https:\\\/\\\/secure.gravatar.com\\\/avatar\\\/740d79112d4580a1a288dc83e0aa7a6190d656fbc2d9621cb750a1a652f1faa4?s=96&d=mm&r=g\",\"url\":\"https:\\\/\\\/secure.gravatar.com\\\/avatar\\\/740d79112d4580a1a288dc83e0aa7a6190d656fbc2d9621cb750a1a652f1faa4?s=96&d=mm&r=g\",\"contentUrl\":\"https:\\\/\\\/secure.gravatar.com\\\/avatar\\\/740d79112d4580a1a288dc83e0aa7a6190d656fbc2d9621cb750a1a652f1faa4?s=96&d=mm&r=g\",\"caption\":\"amvs_crype_admin\"}}]}<\/script>\n<!-- \/ Yoast SEO plugin. -->","yoast_head_json":{"title":"Assembl\u00e9e G\u00e9n\u00e9rale de l'ASMA - AMVS - Ayurveda Medizin Verband Schweiz","robots":{"index":"index","follow":"follow","max-snippet":"max-snippet:-1","max-image-preview":"max-image-preview:large","max-video-preview":"max-video-preview:-1"},"canonical":"https:\/\/amvs.ch\/fr\/assemblee-generale-de-lasma\/","og_locale":"fr_FR","og_type":"article","og_title":"Assembl\u00e9e G\u00e9n\u00e9rale de l'ASMA - AMVS - Ayurveda Medizin Verband Schweiz","og_description":"La 3\u00e8me Assembl\u00e9e G\u00e9n\u00e9rale de l&rsquo;ASMA aura lieu le vendredi 11 mars 2022 \u00e0 10h15 en ligne par zoom. L&rsquo;apr\u00e8s-midi, de 14h00 \u00e0 16h00, aura lieu le s\u00e9minaire \u00ab\u00a0Soma, la dimension d&rsquo;exp\u00e9rience interne et externe\u00a0\u00bb pr\u00e9sent\u00e9 par le Dr. m\u00e9d. Wolfgang Schachinger (m\u00e9decin g\u00e9n\u00e9raliste pratiquant la m\u00e9decine ayurv\u00e9dique dans son propre cabinet depuis 1984 et&hellip;","og_url":"https:\/\/amvs.ch\/fr\/assemblee-generale-de-lasma\/","og_site_name":"AMVS - Ayurveda Medizin Verband Schweiz","article_published_time":"2022-02-17T15:31:52+00:00","author":"amvs_crype_admin","twitter_card":"summary_large_image","twitter_misc":{"\u00c9crit par":"amvs_crype_admin","Dur\u00e9e de lecture estim\u00e9e":"1 minute"},"schema":{"@context":"https:\/\/schema.org","@graph":[{"@type":"Article","@id":"https:\/\/amvs.ch\/fr\/assemblee-generale-de-lasma\/#article","isPartOf":{"@id":"https:\/\/amvs.ch\/fr\/assemblee-generale-de-lasma\/"},"author":{"name":"amvs_crype_admin","@id":"https:\/\/amvs.ch\/fr\/#\/schema\/person\/b7419cdad48807f487b4c5e167814cc8"},"headline":"Assembl\u00e9e G\u00e9n\u00e9rale de l&rsquo;ASMA","datePublished":"2022-02-17T15:31:52+00:00","mainEntityOfPage":{"@id":"https:\/\/amvs.ch\/fr\/assemblee-generale-de-lasma\/"},"wordCount":92,"publisher":{"@id":"https:\/\/amvs.ch\/fr\/#organization"},"articleSection":["Non classifi\u00e9(e)"],"inLanguage":"fr-FR"},{"@type":"WebPage","@id":"https:\/\/amvs.ch\/fr\/assemblee-generale-de-lasma\/","url":"https:\/\/amvs.ch\/fr\/assemblee-generale-de-lasma\/","name":"Assembl\u00e9e G\u00e9n\u00e9rale de l'ASMA - AMVS - Ayurveda Medizin Verband Schweiz","isPartOf":{"@id":"https:\/\/amvs.ch\/fr\/#website"},"datePublished":"2022-02-17T15:31:52+00:00","breadcrumb":{"@id":"https:\/\/amvs.ch\/fr\/assemblee-generale-de-lasma\/#breadcrumb"},"inLanguage":"fr-FR","potentialAction":[{"@type":"ReadAction","target":["https:\/\/amvs.ch\/fr\/assemblee-generale-de-lasma\/"]}]},{"@type":"BreadcrumbList","@id":"https:\/\/amvs.ch\/fr\/assemblee-generale-de-lasma\/#breadcrumb","itemListElement":[{"@type":"ListItem","position":1,"name":"Startseite","item":"https:\/\/amvs.ch\/fr\/"},{"@type":"ListItem","position":2,"name":"Assembl\u00e9e G\u00e9n\u00e9rale de l&#8217;ASMA"}]},{"@type":"WebSite","@id":"https:\/\/amvs.ch\/fr\/#website","url":"https:\/\/amvs.ch\/fr\/","name":"AMVS - Ayurveda Medizin Verband Schweiz","description":"Ayurveda Medizin Verband Schweiz","publisher":{"@id":"https:\/\/amvs.ch\/fr\/#organization"},"potentialAction":[{"@type":"SearchAction","target":{"@type":"EntryPoint","urlTemplate":"https:\/\/amvs.ch\/fr\/?s={search_term_string}"},"query-input":{"@type":"PropertyValueSpecification","valueRequired":true,"valueName":"search_term_string"}}],"inLanguage":"fr-FR"},{"@type":"Organization","@id":"https:\/\/amvs.ch\/fr\/#organization","name":"Ayurveda Medizin Verband Schweiz","url":"https:\/\/amvs.ch\/fr\/","logo":{"@type":"ImageObject","inLanguage":"fr-FR","@id":"https:\/\/amvs.ch\/fr\/#\/schema\/logo\/image\/","url":"https:\/\/amvs.ch\/wp-content\/uploads\/logo-amvs-pos.png","contentUrl":"https:\/\/amvs.ch\/wp-content\/uploads\/logo-amvs-pos.png","width":400,"height":63,"caption":"Ayurveda Medizin Verband Schweiz"},"image":{"@id":"https:\/\/amvs.ch\/fr\/#\/schema\/logo\/image\/"}},{"@type":"Person","@id":"https:\/\/amvs.ch\/fr\/#\/schema\/person\/b7419cdad48807f487b4c5e167814cc8","name":"amvs_crype_admin","image":{"@type":"ImageObject","inLanguage":"fr-FR","@id":"https:\/\/secure.gravatar.com\/avatar\/740d79112d4580a1a288dc83e0aa7a6190d656fbc2d9621cb750a1a652f1faa4?s=96&d=mm&r=g","url":"https:\/\/secure.gravatar.com\/avatar\/740d79112d4580a1a288dc83e0aa7a6190d656fbc2d9621cb750a1a652f1faa4?s=96&d=mm&r=g","contentUrl":"https:\/\/secure.gravatar.com\/avatar\/740d79112d4580a1a288dc83e0aa7a6190d656fbc2d9621cb750a1a652f1faa4?s=96&d=mm&r=g","caption":"amvs_crype_admin"}}]}},"_links":{"self":[{"href":"https:\/\/amvs.ch\/fr\/wp-json\/wp\/v2\/posts\/1086","targetHints":{"allow":["GET"]}}],"collection":[{"href":"https:\/\/amvs.ch\/fr\/wp-json\/wp\/v2\/posts"}],"about":[{"href":"https:\/\/amvs.ch\/fr\/wp-json\/wp\/v2\/types\/post"}],"author":[{"embeddable":true,"href":"https:\/\/amvs.ch\/fr\/wp-json\/wp\/v2\/users\/9"}],"replies":[{"embeddable":true,"href":"https:\/\/amvs.ch\/fr\/wp-json\/wp\/v2\/comments?post=1086"}],"version-history":[{"count":1,"href":"https:\/\/amvs.ch\/fr\/wp-json\/wp\/v2\/posts\/1086\/revisions"}],"predecessor-version":[{"id":1087,"href":"https:\/\/amvs.ch\/fr\/wp-json\/wp\/v2\/posts\/1086\/revisions\/1087"}],"wp:attachment":[{"href":"https:\/\/amvs.ch\/fr\/wp-json\/wp\/v2\/media?parent=1086"}],"wp:term":[{"taxonomy":"category","embeddable":true,"href":"https:\/\/amvs.ch\/fr\/wp-json\/wp\/v2\/categories?post=1086"},{"taxonomy":"post_tag","embeddable":true,"href":"https:\/\/amvs.ch\/fr\/wp-json\/wp\/v2\/tags?post=1086"}],"curies":[{"name":"wp","href":"https:\/\/api.w.org\/{rel}","templated":true}]}}