{"id":347,"date":"2020-01-06T20:01:28","date_gmt":"2020-01-06T19:01:28","guid":{"rendered":"https:\/\/amvs.ch\/?p=347"},"modified":"2022-07-29T15:06:13","modified_gmt":"2022-07-29T13:06:13","slug":"tarif-590","status":"publish","type":"post","link":"https:\/\/amvs.ch\/fr\/tarif-590\/","title":{"rendered":"Tarif 590"},"content":{"rendered":"<p>A partir du 1<sup>er<\/sup> janvier 2020, les modifications et ajustements suivants s\u2019appliquent au tarif 590. <a href=\"https:\/\/amvs.ch\/pdf\/Tarif-590-Medecine-ayurvedique.pdf\" class=\"mtli_attachment mtli_pdf\" target=\"_blank\" rel=\"noopener noreferrer\">Link Tarif 590<\/a><\/p>\n<p>Les informations courantes concernant le tarif 590 peuvent \u00eatre t\u00e9l\u00e9charg\u00e9es sur le site internet de SASIS SA \u00e0 l\u2019adresse suivante\u00a0: \u00a0<a href=\"https:\/\/www.sasis.ch\/fr\/Entry\/ProductEintrag\/ProductMenuEintrag?eintragId=10620&amp;selectedMenuId=926&amp;secondLevelMenuId=-1\">https:\/\/www.sasis.ch<\/a><\/p>\n","protected":false},"excerpt":{"rendered":"<p>A partir du 1er janvier 2020, les modifications et ajustements suivants s\u2019appliquent au tarif 590. Link Tarif 590 Les informations courantes concernant le tarif 590 peuvent \u00eatre t\u00e9l\u00e9charg\u00e9es sur le site internet de SASIS SA \u00e0 l\u2019adresse suivante\u00a0: \u00a0https:\/\/www.sasis.ch<\/p>\n","protected":false},"author":1,"featured_media":0,"comment_status":"closed","ping_status":"closed","sticky":false,"template":"","format":"standard","meta":{"footnotes":""},"categories":[9],"tags":[],"class_list":["post-347","post","type-post","status-publish","format-standard","hentry","category-non-classifiee"],"yoast_head":"<!-- This site is optimized with the Yoast SEO plugin v27.3 - https:\/\/yoast.com\/product\/yoast-seo-wordpress\/ -->\n<title>Tarif 590 - AMVS - Ayurveda Medizin Verband Schweiz<\/title>\n<meta name=\"robots\" content=\"index, follow, max-snippet:-1, max-image-preview:large, max-video-preview:-1\" \/>\n<link rel=\"canonical\" href=\"https:\/\/amvs.ch\/tarif-590\/\" \/>\n<meta property=\"og:locale\" content=\"fr_FR\" \/>\n<meta property=\"og:type\" content=\"article\" \/>\n<meta property=\"og:title\" content=\"Tarif 590 - AMVS - Ayurveda Medizin Verband Schweiz\" \/>\n<meta property=\"og:description\" content=\"A partir du 1er janvier 2020, les modifications et ajustements suivants s\u2019appliquent au tarif 590. Link Tarif 590 Les informations courantes concernant le tarif 590 peuvent \u00eatre t\u00e9l\u00e9charg\u00e9es sur le site internet de SASIS SA \u00e0 l\u2019adresse suivante\u00a0: \u00a0https:\/\/www.sasis.ch\" \/>\n<meta property=\"og:url\" content=\"https:\/\/amvs.ch\/tarif-590\/\" \/>\n<meta property=\"og:site_name\" content=\"AMVS - Ayurveda Medizin Verband Schweiz\" \/>\n<meta property=\"article:published_time\" content=\"2020-01-06T19:01:28+00:00\" \/>\n<meta property=\"article:modified_time\" content=\"2022-07-29T13:06:13+00:00\" \/>\n<meta name=\"author\" content=\"amvs\" \/>\n<meta name=\"twitter:card\" content=\"summary_large_image\" \/>\n<meta name=\"twitter:label1\" content=\"\u00c9crit par\" \/>\n\t<meta name=\"twitter:data1\" content=\"amvs\" \/>\n<script type=\"application\/ld+json\" class=\"yoast-schema-graph\">{\"@context\":\"https:\\\/\\\/schema.org\",\"@graph\":[{\"@type\":\"Article\",\"@id\":\"https:\\\/\\\/amvs.ch\\\/tarif-590\\\/#article\",\"isPartOf\":{\"@id\":\"https:\\\/\\\/amvs.ch\\\/tarif-590\\\/\"},\"author\":{\"name\":\"amvs\",\"@id\":\"https:\\\/\\\/amvs.ch\\\/fr\\\/#\\\/schema\\\/person\\\/10f6439f4c8facd29c105183fce25b81\"},\"headline\":\"Tarif 590\",\"datePublished\":\"2020-01-06T19:01:28+00:00\",\"dateModified\":\"2022-07-29T13:06:13+00:00\",\"mainEntityOfPage\":{\"@id\":\"https:\\\/\\\/amvs.ch\\\/tarif-590\\\/\"},\"wordCount\":43,\"publisher\":{\"@id\":\"https:\\\/\\\/amvs.ch\\\/fr\\\/#organization\"},\"articleSection\":[\"Non classifi\u00e9(e)\"],\"inLanguage\":\"fr-FR\"},{\"@type\":\"WebPage\",\"@id\":\"https:\\\/\\\/amvs.ch\\\/tarif-590\\\/\",\"url\":\"https:\\\/\\\/amvs.ch\\\/tarif-590\\\/\",\"name\":\"Tarif 590 - AMVS - Ayurveda Medizin Verband Schweiz\",\"isPartOf\":{\"@id\":\"https:\\\/\\\/amvs.ch\\\/fr\\\/#website\"},\"datePublished\":\"2020-01-06T19:01:28+00:00\",\"dateModified\":\"2022-07-29T13:06:13+00:00\",\"breadcrumb\":{\"@id\":\"https:\\\/\\\/amvs.ch\\\/tarif-590\\\/#breadcrumb\"},\"inLanguage\":\"fr-FR\",\"potentialAction\":[{\"@type\":\"ReadAction\",\"target\":[\"https:\\\/\\\/amvs.ch\\\/tarif-590\\\/\"]}]},{\"@type\":\"BreadcrumbList\",\"@id\":\"https:\\\/\\\/amvs.ch\\\/tarif-590\\\/#breadcrumb\",\"itemListElement\":[{\"@type\":\"ListItem\",\"position\":1,\"name\":\"Startseite\",\"item\":\"https:\\\/\\\/amvs.ch\\\/fr\\\/\"},{\"@type\":\"ListItem\",\"position\":2,\"name\":\"Tarif 590\"}]},{\"@type\":\"WebSite\",\"@id\":\"https:\\\/\\\/amvs.ch\\\/fr\\\/#website\",\"url\":\"https:\\\/\\\/amvs.ch\\\/fr\\\/\",\"name\":\"AMVS - Ayurveda Medizin Verband Schweiz\",\"description\":\"Ayurveda Medizin Verband Schweiz\",\"publisher\":{\"@id\":\"https:\\\/\\\/amvs.ch\\\/fr\\\/#organization\"},\"potentialAction\":[{\"@type\":\"SearchAction\",\"target\":{\"@type\":\"EntryPoint\",\"urlTemplate\":\"https:\\\/\\\/amvs.ch\\\/fr\\\/?s={search_term_string}\"},\"query-input\":{\"@type\":\"PropertyValueSpecification\",\"valueRequired\":true,\"valueName\":\"search_term_string\"}}],\"inLanguage\":\"fr-FR\"},{\"@type\":\"Organization\",\"@id\":\"https:\\\/\\\/amvs.ch\\\/fr\\\/#organization\",\"name\":\"Ayurveda Medizin Verband Schweiz\",\"url\":\"https:\\\/\\\/amvs.ch\\\/fr\\\/\",\"logo\":{\"@type\":\"ImageObject\",\"inLanguage\":\"fr-FR\",\"@id\":\"https:\\\/\\\/amvs.ch\\\/fr\\\/#\\\/schema\\\/logo\\\/image\\\/\",\"url\":\"https:\\\/\\\/amvs.ch\\\/wp-content\\\/uploads\\\/logo-amvs-pos.png\",\"contentUrl\":\"https:\\\/\\\/amvs.ch\\\/wp-content\\\/uploads\\\/logo-amvs-pos.png\",\"width\":400,\"height\":63,\"caption\":\"Ayurveda Medizin Verband Schweiz\"},\"image\":{\"@id\":\"https:\\\/\\\/amvs.ch\\\/fr\\\/#\\\/schema\\\/logo\\\/image\\\/\"}},{\"@type\":\"Person\",\"@id\":\"https:\\\/\\\/amvs.ch\\\/fr\\\/#\\\/schema\\\/person\\\/10f6439f4c8facd29c105183fce25b81\",\"name\":\"amvs\",\"image\":{\"@type\":\"ImageObject\",\"inLanguage\":\"fr-FR\",\"@id\":\"https:\\\/\\\/secure.gravatar.com\\\/avatar\\\/43f791bf7ff76920f28b844287e644275f48ab5e50dd1af50b21061911d7e92a?s=96&d=mm&r=g\",\"url\":\"https:\\\/\\\/secure.gravatar.com\\\/avatar\\\/43f791bf7ff76920f28b844287e644275f48ab5e50dd1af50b21061911d7e92a?s=96&d=mm&r=g\",\"contentUrl\":\"https:\\\/\\\/secure.gravatar.com\\\/avatar\\\/43f791bf7ff76920f28b844287e644275f48ab5e50dd1af50b21061911d7e92a?s=96&d=mm&r=g\",\"caption\":\"amvs\"}}]}<\/script>\n<!-- \/ Yoast SEO plugin. -->","yoast_head_json":{"title":"Tarif 590 - AMVS - Ayurveda Medizin Verband Schweiz","robots":{"index":"index","follow":"follow","max-snippet":"max-snippet:-1","max-image-preview":"max-image-preview:large","max-video-preview":"max-video-preview:-1"},"canonical":"https:\/\/amvs.ch\/tarif-590\/","og_locale":"fr_FR","og_type":"article","og_title":"Tarif 590 - AMVS - Ayurveda Medizin Verband Schweiz","og_description":"A partir du 1er janvier 2020, les modifications et ajustements suivants s\u2019appliquent au tarif 590. Link Tarif 590 Les informations courantes concernant le tarif 590 peuvent \u00eatre t\u00e9l\u00e9charg\u00e9es sur le site internet de SASIS SA \u00e0 l\u2019adresse suivante\u00a0: \u00a0https:\/\/www.sasis.ch","og_url":"https:\/\/amvs.ch\/tarif-590\/","og_site_name":"AMVS - Ayurveda Medizin Verband Schweiz","article_published_time":"2020-01-06T19:01:28+00:00","article_modified_time":"2022-07-29T13:06:13+00:00","author":"amvs","twitter_card":"summary_large_image","twitter_misc":{"\u00c9crit par":"amvs"},"schema":{"@context":"https:\/\/schema.org","@graph":[{"@type":"Article","@id":"https:\/\/amvs.ch\/tarif-590\/#article","isPartOf":{"@id":"https:\/\/amvs.ch\/tarif-590\/"},"author":{"name":"amvs","@id":"https:\/\/amvs.ch\/fr\/#\/schema\/person\/10f6439f4c8facd29c105183fce25b81"},"headline":"Tarif 590","datePublished":"2020-01-06T19:01:28+00:00","dateModified":"2022-07-29T13:06:13+00:00","mainEntityOfPage":{"@id":"https:\/\/amvs.ch\/tarif-590\/"},"wordCount":43,"publisher":{"@id":"https:\/\/amvs.ch\/fr\/#organization"},"articleSection":["Non classifi\u00e9(e)"],"inLanguage":"fr-FR"},{"@type":"WebPage","@id":"https:\/\/amvs.ch\/tarif-590\/","url":"https:\/\/amvs.ch\/tarif-590\/","name":"Tarif 590 - AMVS - Ayurveda Medizin Verband Schweiz","isPartOf":{"@id":"https:\/\/amvs.ch\/fr\/#website"},"datePublished":"2020-01-06T19:01:28+00:00","dateModified":"2022-07-29T13:06:13+00:00","breadcrumb":{"@id":"https:\/\/amvs.ch\/tarif-590\/#breadcrumb"},"inLanguage":"fr-FR","potentialAction":[{"@type":"ReadAction","target":["https:\/\/amvs.ch\/tarif-590\/"]}]},{"@type":"BreadcrumbList","@id":"https:\/\/amvs.ch\/tarif-590\/#breadcrumb","itemListElement":[{"@type":"ListItem","position":1,"name":"Startseite","item":"https:\/\/amvs.ch\/fr\/"},{"@type":"ListItem","position":2,"name":"Tarif 590"}]},{"@type":"WebSite","@id":"https:\/\/amvs.ch\/fr\/#website","url":"https:\/\/amvs.ch\/fr\/","name":"AMVS - Ayurveda Medizin Verband Schweiz","description":"Ayurveda Medizin Verband Schweiz","publisher":{"@id":"https:\/\/amvs.ch\/fr\/#organization"},"potentialAction":[{"@type":"SearchAction","target":{"@type":"EntryPoint","urlTemplate":"https:\/\/amvs.ch\/fr\/?s={search_term_string}"},"query-input":{"@type":"PropertyValueSpecification","valueRequired":true,"valueName":"search_term_string"}}],"inLanguage":"fr-FR"},{"@type":"Organization","@id":"https:\/\/amvs.ch\/fr\/#organization","name":"Ayurveda Medizin Verband Schweiz","url":"https:\/\/amvs.ch\/fr\/","logo":{"@type":"ImageObject","inLanguage":"fr-FR","@id":"https:\/\/amvs.ch\/fr\/#\/schema\/logo\/image\/","url":"https:\/\/amvs.ch\/wp-content\/uploads\/logo-amvs-pos.png","contentUrl":"https:\/\/amvs.ch\/wp-content\/uploads\/logo-amvs-pos.png","width":400,"height":63,"caption":"Ayurveda Medizin Verband Schweiz"},"image":{"@id":"https:\/\/amvs.ch\/fr\/#\/schema\/logo\/image\/"}},{"@type":"Person","@id":"https:\/\/amvs.ch\/fr\/#\/schema\/person\/10f6439f4c8facd29c105183fce25b81","name":"amvs","image":{"@type":"ImageObject","inLanguage":"fr-FR","@id":"https:\/\/secure.gravatar.com\/avatar\/43f791bf7ff76920f28b844287e644275f48ab5e50dd1af50b21061911d7e92a?s=96&d=mm&r=g","url":"https:\/\/secure.gravatar.com\/avatar\/43f791bf7ff76920f28b844287e644275f48ab5e50dd1af50b21061911d7e92a?s=96&d=mm&r=g","contentUrl":"https:\/\/secure.gravatar.com\/avatar\/43f791bf7ff76920f28b844287e644275f48ab5e50dd1af50b21061911d7e92a?s=96&d=mm&r=g","caption":"amvs"}}]}},"_links":{"self":[{"href":"https:\/\/amvs.ch\/fr\/wp-json\/wp\/v2\/posts\/347","targetHints":{"allow":["GET"]}}],"collection":[{"href":"https:\/\/amvs.ch\/fr\/wp-json\/wp\/v2\/posts"}],"about":[{"href":"https:\/\/amvs.ch\/fr\/wp-json\/wp\/v2\/types\/post"}],"author":[{"embeddable":true,"href":"https:\/\/amvs.ch\/fr\/wp-json\/wp\/v2\/users\/1"}],"replies":[{"embeddable":true,"href":"https:\/\/amvs.ch\/fr\/wp-json\/wp\/v2\/comments?post=347"}],"version-history":[{"count":1,"href":"https:\/\/amvs.ch\/fr\/wp-json\/wp\/v2\/posts\/347\/revisions"}],"predecessor-version":[{"id":1295,"href":"https:\/\/amvs.ch\/fr\/wp-json\/wp\/v2\/posts\/347\/revisions\/1295"}],"wp:attachment":[{"href":"https:\/\/amvs.ch\/fr\/wp-json\/wp\/v2\/media?parent=347"}],"wp:term":[{"taxonomy":"category","embeddable":true,"href":"https:\/\/amvs.ch\/fr\/wp-json\/wp\/v2\/categories?post=347"},{"taxonomy":"post_tag","embeddable":true,"href":"https:\/\/amvs.ch\/fr\/wp-json\/wp\/v2\/tags?post=347"}],"curies":[{"name":"wp","href":"https:\/\/api.w.org\/{rel}","templated":true}]}}