{"id":484,"date":"2020-02-26T14:50:25","date_gmt":"2020-02-26T13:50:25","guid":{"rendered":"https:\/\/amvs.ch\/?p=484"},"modified":"2020-03-03T12:46:55","modified_gmt":"2020-03-03T11:46:55","slug":"rapport-de-loms-asma","status":"publish","type":"post","link":"https:\/\/amvs.ch\/fr\/rapport-de-loms-asma\/","title":{"rendered":"Rapport de l&rsquo;OMS.ASMA"},"content":{"rendered":"<div class=\"\">Notre bien cher membre du comit\u00e9, Franz Rutz a \u00e9t\u00e9 invit\u00e9 par l&rsquo;OMS \u00e0 participer au Meeting-Conseil Ayurveda \u00e0 Jamnagar en Inde.\u00a0Vous trouverez ci-joint son rapport de l\u2019\u00e9v\u00e9nement. <a href=\"https:\/\/amvs.ch\/wp-content\/uploads\/Rapport-de-lOMS.ASMA_-1.pdf\" class=\"mtli_attachment mtli_pdf\">Rapport de l&rsquo;OMS.ASMA<\/a><\/div>\n","protected":false},"excerpt":{"rendered":"<p>Notre bien cher membre du comit\u00e9, Franz Rutz a \u00e9t\u00e9 invit\u00e9 par l&rsquo;OMS \u00e0 participer au Meeting-Conseil Ayurveda \u00e0 Jamnagar en Inde.\u00a0Vous trouverez ci-joint son rapport de l\u2019\u00e9v\u00e9nement. Rapport de l&rsquo;OMS.ASMA<\/p>\n","protected":false},"author":9,"featured_media":0,"comment_status":"closed","ping_status":"closed","sticky":false,"template":"","format":"standard","meta":{"footnotes":""},"categories":[9],"tags":[],"class_list":["post-484","post","type-post","status-publish","format-standard","hentry","category-non-classifiee"],"yoast_head":"<!-- This site is optimized with the Yoast SEO plugin v27.5 - https:\/\/yoast.com\/product\/yoast-seo-wordpress\/ -->\n<title>Rapport de l&#039;OMS.ASMA - AMVS - Ayurveda Medizin Verband Schweiz<\/title>\n<meta name=\"robots\" content=\"index, follow, max-snippet:-1, max-image-preview:large, max-video-preview:-1\" \/>\n<link rel=\"canonical\" href=\"https:\/\/amvs.ch\/fr\/rapport-de-loms-asma\/\" \/>\n<meta property=\"og:locale\" content=\"fr_FR\" \/>\n<meta property=\"og:type\" content=\"article\" \/>\n<meta property=\"og:title\" content=\"Rapport de l&#039;OMS.ASMA - AMVS - Ayurveda Medizin Verband Schweiz\" \/>\n<meta property=\"og:description\" content=\"Notre bien cher membre du comit\u00e9, Franz Rutz a \u00e9t\u00e9 invit\u00e9 par l&rsquo;OMS \u00e0 participer au Meeting-Conseil Ayurveda \u00e0 Jamnagar en Inde.\u00a0Vous trouverez ci-joint son rapport de l\u2019\u00e9v\u00e9nement. Rapport de l&rsquo;OMS.ASMA\" \/>\n<meta property=\"og:url\" content=\"https:\/\/amvs.ch\/fr\/rapport-de-loms-asma\/\" \/>\n<meta property=\"og:site_name\" content=\"AMVS - Ayurveda Medizin Verband Schweiz\" \/>\n<meta property=\"article:published_time\" content=\"2020-02-26T13:50:25+00:00\" \/>\n<meta property=\"article:modified_time\" content=\"2020-03-03T11:46:55+00:00\" \/>\n<meta name=\"author\" content=\"amvs_crype_admin\" \/>\n<meta name=\"twitter:card\" content=\"summary_large_image\" \/>\n<meta name=\"twitter:label1\" content=\"\u00c9crit par\" \/>\n\t<meta name=\"twitter:data1\" content=\"amvs_crype_admin\" \/>\n<script type=\"application\/ld+json\" class=\"yoast-schema-graph\">{\"@context\":\"https:\\\/\\\/schema.org\",\"@graph\":[{\"@type\":\"Article\",\"@id\":\"https:\\\/\\\/amvs.ch\\\/fr\\\/rapport-de-loms-asma\\\/#article\",\"isPartOf\":{\"@id\":\"https:\\\/\\\/amvs.ch\\\/fr\\\/rapport-de-loms-asma\\\/\"},\"author\":{\"name\":\"amvs_crype_admin\",\"@id\":\"https:\\\/\\\/amvs.ch\\\/fr\\\/#\\\/schema\\\/person\\\/b7419cdad48807f487b4c5e167814cc8\"},\"headline\":\"Rapport de l&rsquo;OMS.ASMA\",\"datePublished\":\"2020-02-26T13:50:25+00:00\",\"dateModified\":\"2020-03-03T11:46:55+00:00\",\"mainEntityOfPage\":{\"@id\":\"https:\\\/\\\/amvs.ch\\\/fr\\\/rapport-de-loms-asma\\\/\"},\"wordCount\":40,\"publisher\":{\"@id\":\"https:\\\/\\\/amvs.ch\\\/fr\\\/#organization\"},\"articleSection\":[\"Non classifi\u00e9(e)\"],\"inLanguage\":\"fr-FR\"},{\"@type\":\"WebPage\",\"@id\":\"https:\\\/\\\/amvs.ch\\\/fr\\\/rapport-de-loms-asma\\\/\",\"url\":\"https:\\\/\\\/amvs.ch\\\/fr\\\/rapport-de-loms-asma\\\/\",\"name\":\"Rapport de l'OMS.ASMA - AMVS - Ayurveda Medizin Verband Schweiz\",\"isPartOf\":{\"@id\":\"https:\\\/\\\/amvs.ch\\\/fr\\\/#website\"},\"datePublished\":\"2020-02-26T13:50:25+00:00\",\"dateModified\":\"2020-03-03T11:46:55+00:00\",\"breadcrumb\":{\"@id\":\"https:\\\/\\\/amvs.ch\\\/fr\\\/rapport-de-loms-asma\\\/#breadcrumb\"},\"inLanguage\":\"fr-FR\",\"potentialAction\":[{\"@type\":\"ReadAction\",\"target\":[\"https:\\\/\\\/amvs.ch\\\/fr\\\/rapport-de-loms-asma\\\/\"]}]},{\"@type\":\"BreadcrumbList\",\"@id\":\"https:\\\/\\\/amvs.ch\\\/fr\\\/rapport-de-loms-asma\\\/#breadcrumb\",\"itemListElement\":[{\"@type\":\"ListItem\",\"position\":1,\"name\":\"Startseite\",\"item\":\"https:\\\/\\\/amvs.ch\\\/fr\\\/\"},{\"@type\":\"ListItem\",\"position\":2,\"name\":\"Rapport de l&rsquo;OMS.ASMA\"}]},{\"@type\":\"WebSite\",\"@id\":\"https:\\\/\\\/amvs.ch\\\/fr\\\/#website\",\"url\":\"https:\\\/\\\/amvs.ch\\\/fr\\\/\",\"name\":\"AMVS - Ayurveda Medizin Verband Schweiz\",\"description\":\"Ayurveda Medizin Verband Schweiz\",\"publisher\":{\"@id\":\"https:\\\/\\\/amvs.ch\\\/fr\\\/#organization\"},\"potentialAction\":[{\"@type\":\"SearchAction\",\"target\":{\"@type\":\"EntryPoint\",\"urlTemplate\":\"https:\\\/\\\/amvs.ch\\\/fr\\\/?s={search_term_string}\"},\"query-input\":{\"@type\":\"PropertyValueSpecification\",\"valueRequired\":true,\"valueName\":\"search_term_string\"}}],\"inLanguage\":\"fr-FR\"},{\"@type\":\"Organization\",\"@id\":\"https:\\\/\\\/amvs.ch\\\/fr\\\/#organization\",\"name\":\"Ayurveda Medizin Verband Schweiz\",\"url\":\"https:\\\/\\\/amvs.ch\\\/fr\\\/\",\"logo\":{\"@type\":\"ImageObject\",\"inLanguage\":\"fr-FR\",\"@id\":\"https:\\\/\\\/amvs.ch\\\/fr\\\/#\\\/schema\\\/logo\\\/image\\\/\",\"url\":\"https:\\\/\\\/amvs.ch\\\/wp-content\\\/uploads\\\/logo-amvs-pos.png\",\"contentUrl\":\"https:\\\/\\\/amvs.ch\\\/wp-content\\\/uploads\\\/logo-amvs-pos.png\",\"width\":400,\"height\":63,\"caption\":\"Ayurveda Medizin Verband Schweiz\"},\"image\":{\"@id\":\"https:\\\/\\\/amvs.ch\\\/fr\\\/#\\\/schema\\\/logo\\\/image\\\/\"}},{\"@type\":\"Person\",\"@id\":\"https:\\\/\\\/amvs.ch\\\/fr\\\/#\\\/schema\\\/person\\\/b7419cdad48807f487b4c5e167814cc8\",\"name\":\"amvs_crype_admin\",\"image\":{\"@type\":\"ImageObject\",\"inLanguage\":\"fr-FR\",\"@id\":\"https:\\\/\\\/secure.gravatar.com\\\/avatar\\\/740d79112d4580a1a288dc83e0aa7a6190d656fbc2d9621cb750a1a652f1faa4?s=96&d=mm&r=g\",\"url\":\"https:\\\/\\\/secure.gravatar.com\\\/avatar\\\/740d79112d4580a1a288dc83e0aa7a6190d656fbc2d9621cb750a1a652f1faa4?s=96&d=mm&r=g\",\"contentUrl\":\"https:\\\/\\\/secure.gravatar.com\\\/avatar\\\/740d79112d4580a1a288dc83e0aa7a6190d656fbc2d9621cb750a1a652f1faa4?s=96&d=mm&r=g\",\"caption\":\"amvs_crype_admin\"}}]}<\/script>\n<!-- \/ Yoast SEO plugin. -->","yoast_head_json":{"title":"Rapport de l'OMS.ASMA - AMVS - Ayurveda Medizin Verband Schweiz","robots":{"index":"index","follow":"follow","max-snippet":"max-snippet:-1","max-image-preview":"max-image-preview:large","max-video-preview":"max-video-preview:-1"},"canonical":"https:\/\/amvs.ch\/fr\/rapport-de-loms-asma\/","og_locale":"fr_FR","og_type":"article","og_title":"Rapport de l'OMS.ASMA - AMVS - Ayurveda Medizin Verband Schweiz","og_description":"Notre bien cher membre du comit\u00e9, Franz Rutz a \u00e9t\u00e9 invit\u00e9 par l&rsquo;OMS \u00e0 participer au Meeting-Conseil Ayurveda \u00e0 Jamnagar en Inde.\u00a0Vous trouverez ci-joint son rapport de l\u2019\u00e9v\u00e9nement. Rapport de l&rsquo;OMS.ASMA","og_url":"https:\/\/amvs.ch\/fr\/rapport-de-loms-asma\/","og_site_name":"AMVS - Ayurveda Medizin Verband Schweiz","article_published_time":"2020-02-26T13:50:25+00:00","article_modified_time":"2020-03-03T11:46:55+00:00","author":"amvs_crype_admin","twitter_card":"summary_large_image","twitter_misc":{"\u00c9crit par":"amvs_crype_admin"},"schema":{"@context":"https:\/\/schema.org","@graph":[{"@type":"Article","@id":"https:\/\/amvs.ch\/fr\/rapport-de-loms-asma\/#article","isPartOf":{"@id":"https:\/\/amvs.ch\/fr\/rapport-de-loms-asma\/"},"author":{"name":"amvs_crype_admin","@id":"https:\/\/amvs.ch\/fr\/#\/schema\/person\/b7419cdad48807f487b4c5e167814cc8"},"headline":"Rapport de l&rsquo;OMS.ASMA","datePublished":"2020-02-26T13:50:25+00:00","dateModified":"2020-03-03T11:46:55+00:00","mainEntityOfPage":{"@id":"https:\/\/amvs.ch\/fr\/rapport-de-loms-asma\/"},"wordCount":40,"publisher":{"@id":"https:\/\/amvs.ch\/fr\/#organization"},"articleSection":["Non classifi\u00e9(e)"],"inLanguage":"fr-FR"},{"@type":"WebPage","@id":"https:\/\/amvs.ch\/fr\/rapport-de-loms-asma\/","url":"https:\/\/amvs.ch\/fr\/rapport-de-loms-asma\/","name":"Rapport de l'OMS.ASMA - AMVS - Ayurveda Medizin Verband Schweiz","isPartOf":{"@id":"https:\/\/amvs.ch\/fr\/#website"},"datePublished":"2020-02-26T13:50:25+00:00","dateModified":"2020-03-03T11:46:55+00:00","breadcrumb":{"@id":"https:\/\/amvs.ch\/fr\/rapport-de-loms-asma\/#breadcrumb"},"inLanguage":"fr-FR","potentialAction":[{"@type":"ReadAction","target":["https:\/\/amvs.ch\/fr\/rapport-de-loms-asma\/"]}]},{"@type":"BreadcrumbList","@id":"https:\/\/amvs.ch\/fr\/rapport-de-loms-asma\/#breadcrumb","itemListElement":[{"@type":"ListItem","position":1,"name":"Startseite","item":"https:\/\/amvs.ch\/fr\/"},{"@type":"ListItem","position":2,"name":"Rapport de l&rsquo;OMS.ASMA"}]},{"@type":"WebSite","@id":"https:\/\/amvs.ch\/fr\/#website","url":"https:\/\/amvs.ch\/fr\/","name":"AMVS - Ayurveda Medizin Verband Schweiz","description":"Ayurveda Medizin Verband Schweiz","publisher":{"@id":"https:\/\/amvs.ch\/fr\/#organization"},"potentialAction":[{"@type":"SearchAction","target":{"@type":"EntryPoint","urlTemplate":"https:\/\/amvs.ch\/fr\/?s={search_term_string}"},"query-input":{"@type":"PropertyValueSpecification","valueRequired":true,"valueName":"search_term_string"}}],"inLanguage":"fr-FR"},{"@type":"Organization","@id":"https:\/\/amvs.ch\/fr\/#organization","name":"Ayurveda Medizin Verband Schweiz","url":"https:\/\/amvs.ch\/fr\/","logo":{"@type":"ImageObject","inLanguage":"fr-FR","@id":"https:\/\/amvs.ch\/fr\/#\/schema\/logo\/image\/","url":"https:\/\/amvs.ch\/wp-content\/uploads\/logo-amvs-pos.png","contentUrl":"https:\/\/amvs.ch\/wp-content\/uploads\/logo-amvs-pos.png","width":400,"height":63,"caption":"Ayurveda Medizin Verband Schweiz"},"image":{"@id":"https:\/\/amvs.ch\/fr\/#\/schema\/logo\/image\/"}},{"@type":"Person","@id":"https:\/\/amvs.ch\/fr\/#\/schema\/person\/b7419cdad48807f487b4c5e167814cc8","name":"amvs_crype_admin","image":{"@type":"ImageObject","inLanguage":"fr-FR","@id":"https:\/\/secure.gravatar.com\/avatar\/740d79112d4580a1a288dc83e0aa7a6190d656fbc2d9621cb750a1a652f1faa4?s=96&d=mm&r=g","url":"https:\/\/secure.gravatar.com\/avatar\/740d79112d4580a1a288dc83e0aa7a6190d656fbc2d9621cb750a1a652f1faa4?s=96&d=mm&r=g","contentUrl":"https:\/\/secure.gravatar.com\/avatar\/740d79112d4580a1a288dc83e0aa7a6190d656fbc2d9621cb750a1a652f1faa4?s=96&d=mm&r=g","caption":"amvs_crype_admin"}}]}},"_links":{"self":[{"href":"https:\/\/amvs.ch\/fr\/wp-json\/wp\/v2\/posts\/484","targetHints":{"allow":["GET"]}}],"collection":[{"href":"https:\/\/amvs.ch\/fr\/wp-json\/wp\/v2\/posts"}],"about":[{"href":"https:\/\/amvs.ch\/fr\/wp-json\/wp\/v2\/types\/post"}],"author":[{"embeddable":true,"href":"https:\/\/amvs.ch\/fr\/wp-json\/wp\/v2\/users\/9"}],"replies":[{"embeddable":true,"href":"https:\/\/amvs.ch\/fr\/wp-json\/wp\/v2\/comments?post=484"}],"version-history":[{"count":3,"href":"https:\/\/amvs.ch\/fr\/wp-json\/wp\/v2\/posts\/484\/revisions"}],"predecessor-version":[{"id":499,"href":"https:\/\/amvs.ch\/fr\/wp-json\/wp\/v2\/posts\/484\/revisions\/499"}],"wp:attachment":[{"href":"https:\/\/amvs.ch\/fr\/wp-json\/wp\/v2\/media?parent=484"}],"wp:term":[{"taxonomy":"category","embeddable":true,"href":"https:\/\/amvs.ch\/fr\/wp-json\/wp\/v2\/categories?post=484"},{"taxonomy":"post_tag","embeddable":true,"href":"https:\/\/amvs.ch\/fr\/wp-json\/wp\/v2\/tags?post=484"}],"curies":[{"name":"wp","href":"https:\/\/api.w.org\/{rel}","templated":true}]}}