{"id":613,"date":"2020-04-08T12:52:04","date_gmt":"2020-04-08T10:52:04","guid":{"rendered":"https:\/\/amvs.ch\/?p=613"},"modified":"2020-04-08T17:48:59","modified_gmt":"2020-04-08T15:48:59","slug":"declaration-de-lassociation-faitiere-de-la-medecine-complementaire","status":"publish","type":"post","link":"https:\/\/amvs.ch\/fr\/declaration-de-lassociation-faitiere-de-la-medecine-complementaire\/","title":{"rendered":"Prise de position de la F\u00e9d\u00e9ration de la m\u00e9decine compl\u00e9mentaire"},"content":{"rendered":"<div class=\"page\" title=\"Page 1\">\n<div class=\"layoutArea\">\n<div class=\"column\">\n<h3>COVID-19: tirer parti du potentiel de la m\u00e9decine compl\u00e9mentaire<\/h3>\n<\/div>\n<\/div>\n<\/div>\n<div class=\"page\" title=\"Page 1\">\n<div class=\"layoutArea\">\n<div class=\"column\">\n<p>Communiqu\u00e9 du 6 avril 2020<\/p>\n<\/div>\n<\/div>\n<\/div>\n<div class=\"page\" title=\"Page 1\">\n<div class=\"layoutArea\">\n<div class=\"column\">\n<p>La demande en th\u00e9rapies et m\u00e9dicaments de m\u00e9decine compl\u00e9mentaire a explos\u00e9 depuis le d\u00e9- but de la crise. La F\u00e9d\u00e9ration de la m\u00e9decine compl\u00e9mentaire souligne que les m\u00e9thodes natu- relles permettant de renforcer le syst\u00e8me immunitaire et de traiter les maladies infectieuses sont en g\u00e9n\u00e9ral appropri\u00e9es. En m\u00eame temps, elle met en garde contre les promesses falla-cieuses de gu\u00e9rison. Il n\u2019existe pour l\u2019heure aucune th\u00e9rapie standard contre le Covid-19. La F\u00e9d\u00e9ration de la m\u00e9decine compl\u00e9mentaire recommande de respecter imp\u00e9rativement les pres- criptions du Conseil f\u00e9d\u00e9ral et de s\u2019adresser \u00e0 un sp\u00e9cialiste ayant une formation reconnue en m\u00e9decine compl\u00e9mentaire pour en conna\u00eetre les possibilit\u00e9s et les limites&#8230; <strong>continuer sur my AMVS.\u00a0<\/strong><\/p>\n<\/div>\n<\/div>\n<\/div>\n","protected":false},"excerpt":{"rendered":"<p>COVID-19: tirer parti du potentiel de la m\u00e9decine compl\u00e9mentaire Communiqu\u00e9 du 6 avril 2020 La demande en th\u00e9rapies et m\u00e9dicaments de m\u00e9decine compl\u00e9mentaire a explos\u00e9 depuis le d\u00e9- but de la crise. La F\u00e9d\u00e9ration de la m\u00e9decine compl\u00e9mentaire souligne que les m\u00e9thodes natu- relles permettant de renforcer le syst\u00e8me immunitaire et de traiter les maladies&hellip;<\/p>\n","protected":false},"author":9,"featured_media":0,"comment_status":"closed","ping_status":"closed","sticky":false,"template":"","format":"standard","meta":{"footnotes":""},"categories":[9],"tags":[],"class_list":["post-613","post","type-post","status-publish","format-standard","hentry","category-non-classifiee"],"yoast_head":"<!-- This site is optimized with the Yoast SEO plugin v27.5 - https:\/\/yoast.com\/product\/yoast-seo-wordpress\/ -->\n<title>Prise de position de la F\u00e9d\u00e9ration de la m\u00e9decine compl\u00e9mentaire - AMVS - Ayurveda Medizin Verband Schweiz<\/title>\n<meta name=\"robots\" content=\"index, follow, max-snippet:-1, max-image-preview:large, max-video-preview:-1\" \/>\n<link rel=\"canonical\" href=\"https:\/\/amvs.ch\/fr\/declaration-de-lassociation-faitiere-de-la-medecine-complementaire\/\" \/>\n<meta property=\"og:locale\" content=\"fr_FR\" \/>\n<meta property=\"og:type\" content=\"article\" \/>\n<meta property=\"og:title\" content=\"Prise de position de la F\u00e9d\u00e9ration de la m\u00e9decine compl\u00e9mentaire - AMVS - Ayurveda Medizin Verband Schweiz\" \/>\n<meta property=\"og:description\" content=\"COVID-19: tirer parti du potentiel de la m\u00e9decine compl\u00e9mentaire Communiqu\u00e9 du 6 avril 2020 La demande en th\u00e9rapies et m\u00e9dicaments de m\u00e9decine compl\u00e9mentaire a explos\u00e9 depuis le d\u00e9- but de la crise. La F\u00e9d\u00e9ration de la m\u00e9decine compl\u00e9mentaire souligne que les m\u00e9thodes natu- relles permettant de renforcer le syst\u00e8me immunitaire et de traiter les maladies&hellip;\" \/>\n<meta property=\"og:url\" content=\"https:\/\/amvs.ch\/fr\/declaration-de-lassociation-faitiere-de-la-medecine-complementaire\/\" \/>\n<meta property=\"og:site_name\" content=\"AMVS - Ayurveda Medizin Verband Schweiz\" \/>\n<meta property=\"article:published_time\" content=\"2020-04-08T10:52:04+00:00\" \/>\n<meta property=\"article:modified_time\" content=\"2020-04-08T15:48:59+00:00\" \/>\n<meta name=\"author\" content=\"amvs_crype_admin\" \/>\n<meta name=\"twitter:card\" content=\"summary_large_image\" \/>\n<meta name=\"twitter:label1\" content=\"\u00c9crit par\" \/>\n\t<meta name=\"twitter:data1\" content=\"amvs_crype_admin\" \/>\n\t<meta name=\"twitter:label2\" content=\"Dur\u00e9e de lecture estim\u00e9e\" \/>\n\t<meta name=\"twitter:data2\" content=\"1 minute\" \/>\n<script type=\"application\/ld+json\" class=\"yoast-schema-graph\">{\"@context\":\"https:\\\/\\\/schema.org\",\"@graph\":[{\"@type\":\"Article\",\"@id\":\"https:\\\/\\\/amvs.ch\\\/fr\\\/declaration-de-lassociation-faitiere-de-la-medecine-complementaire\\\/#article\",\"isPartOf\":{\"@id\":\"https:\\\/\\\/amvs.ch\\\/fr\\\/declaration-de-lassociation-faitiere-de-la-medecine-complementaire\\\/\"},\"author\":{\"name\":\"amvs_crype_admin\",\"@id\":\"https:\\\/\\\/amvs.ch\\\/fr\\\/#\\\/schema\\\/person\\\/b7419cdad48807f487b4c5e167814cc8\"},\"headline\":\"Prise de position de la F\u00e9d\u00e9ration de la m\u00e9decine compl\u00e9mentaire\",\"datePublished\":\"2020-04-08T10:52:04+00:00\",\"dateModified\":\"2020-04-08T15:48:59+00:00\",\"mainEntityOfPage\":{\"@id\":\"https:\\\/\\\/amvs.ch\\\/fr\\\/declaration-de-lassociation-faitiere-de-la-medecine-complementaire\\\/\"},\"wordCount\":169,\"publisher\":{\"@id\":\"https:\\\/\\\/amvs.ch\\\/fr\\\/#organization\"},\"articleSection\":[\"Non classifi\u00e9(e)\"],\"inLanguage\":\"fr-FR\"},{\"@type\":\"WebPage\",\"@id\":\"https:\\\/\\\/amvs.ch\\\/fr\\\/declaration-de-lassociation-faitiere-de-la-medecine-complementaire\\\/\",\"url\":\"https:\\\/\\\/amvs.ch\\\/fr\\\/declaration-de-lassociation-faitiere-de-la-medecine-complementaire\\\/\",\"name\":\"Prise de position de la F\u00e9d\u00e9ration de la m\u00e9decine compl\u00e9mentaire - AMVS - Ayurveda Medizin Verband Schweiz\",\"isPartOf\":{\"@id\":\"https:\\\/\\\/amvs.ch\\\/fr\\\/#website\"},\"datePublished\":\"2020-04-08T10:52:04+00:00\",\"dateModified\":\"2020-04-08T15:48:59+00:00\",\"breadcrumb\":{\"@id\":\"https:\\\/\\\/amvs.ch\\\/fr\\\/declaration-de-lassociation-faitiere-de-la-medecine-complementaire\\\/#breadcrumb\"},\"inLanguage\":\"fr-FR\",\"potentialAction\":[{\"@type\":\"ReadAction\",\"target\":[\"https:\\\/\\\/amvs.ch\\\/fr\\\/declaration-de-lassociation-faitiere-de-la-medecine-complementaire\\\/\"]}]},{\"@type\":\"BreadcrumbList\",\"@id\":\"https:\\\/\\\/amvs.ch\\\/fr\\\/declaration-de-lassociation-faitiere-de-la-medecine-complementaire\\\/#breadcrumb\",\"itemListElement\":[{\"@type\":\"ListItem\",\"position\":1,\"name\":\"Startseite\",\"item\":\"https:\\\/\\\/amvs.ch\\\/fr\\\/\"},{\"@type\":\"ListItem\",\"position\":2,\"name\":\"Prise de position de la F\u00e9d\u00e9ration de la m\u00e9decine compl\u00e9mentaire\"}]},{\"@type\":\"WebSite\",\"@id\":\"https:\\\/\\\/amvs.ch\\\/fr\\\/#website\",\"url\":\"https:\\\/\\\/amvs.ch\\\/fr\\\/\",\"name\":\"AMVS - Ayurveda Medizin Verband Schweiz\",\"description\":\"Ayurveda Medizin Verband Schweiz\",\"publisher\":{\"@id\":\"https:\\\/\\\/amvs.ch\\\/fr\\\/#organization\"},\"potentialAction\":[{\"@type\":\"SearchAction\",\"target\":{\"@type\":\"EntryPoint\",\"urlTemplate\":\"https:\\\/\\\/amvs.ch\\\/fr\\\/?s={search_term_string}\"},\"query-input\":{\"@type\":\"PropertyValueSpecification\",\"valueRequired\":true,\"valueName\":\"search_term_string\"}}],\"inLanguage\":\"fr-FR\"},{\"@type\":\"Organization\",\"@id\":\"https:\\\/\\\/amvs.ch\\\/fr\\\/#organization\",\"name\":\"Ayurveda Medizin Verband Schweiz\",\"url\":\"https:\\\/\\\/amvs.ch\\\/fr\\\/\",\"logo\":{\"@type\":\"ImageObject\",\"inLanguage\":\"fr-FR\",\"@id\":\"https:\\\/\\\/amvs.ch\\\/fr\\\/#\\\/schema\\\/logo\\\/image\\\/\",\"url\":\"https:\\\/\\\/amvs.ch\\\/wp-content\\\/uploads\\\/logo-amvs-pos.png\",\"contentUrl\":\"https:\\\/\\\/amvs.ch\\\/wp-content\\\/uploads\\\/logo-amvs-pos.png\",\"width\":400,\"height\":63,\"caption\":\"Ayurveda Medizin Verband Schweiz\"},\"image\":{\"@id\":\"https:\\\/\\\/amvs.ch\\\/fr\\\/#\\\/schema\\\/logo\\\/image\\\/\"}},{\"@type\":\"Person\",\"@id\":\"https:\\\/\\\/amvs.ch\\\/fr\\\/#\\\/schema\\\/person\\\/b7419cdad48807f487b4c5e167814cc8\",\"name\":\"amvs_crype_admin\",\"image\":{\"@type\":\"ImageObject\",\"inLanguage\":\"fr-FR\",\"@id\":\"https:\\\/\\\/secure.gravatar.com\\\/avatar\\\/740d79112d4580a1a288dc83e0aa7a6190d656fbc2d9621cb750a1a652f1faa4?s=96&d=mm&r=g\",\"url\":\"https:\\\/\\\/secure.gravatar.com\\\/avatar\\\/740d79112d4580a1a288dc83e0aa7a6190d656fbc2d9621cb750a1a652f1faa4?s=96&d=mm&r=g\",\"contentUrl\":\"https:\\\/\\\/secure.gravatar.com\\\/avatar\\\/740d79112d4580a1a288dc83e0aa7a6190d656fbc2d9621cb750a1a652f1faa4?s=96&d=mm&r=g\",\"caption\":\"amvs_crype_admin\"}}]}<\/script>\n<!-- \/ Yoast SEO plugin. -->","yoast_head_json":{"title":"Prise de position de la F\u00e9d\u00e9ration de la m\u00e9decine compl\u00e9mentaire - AMVS - Ayurveda Medizin Verband Schweiz","robots":{"index":"index","follow":"follow","max-snippet":"max-snippet:-1","max-image-preview":"max-image-preview:large","max-video-preview":"max-video-preview:-1"},"canonical":"https:\/\/amvs.ch\/fr\/declaration-de-lassociation-faitiere-de-la-medecine-complementaire\/","og_locale":"fr_FR","og_type":"article","og_title":"Prise de position de la F\u00e9d\u00e9ration de la m\u00e9decine compl\u00e9mentaire - AMVS - Ayurveda Medizin Verband Schweiz","og_description":"COVID-19: tirer parti du potentiel de la m\u00e9decine compl\u00e9mentaire Communiqu\u00e9 du 6 avril 2020 La demande en th\u00e9rapies et m\u00e9dicaments de m\u00e9decine compl\u00e9mentaire a explos\u00e9 depuis le d\u00e9- but de la crise. La F\u00e9d\u00e9ration de la m\u00e9decine compl\u00e9mentaire souligne que les m\u00e9thodes natu- relles permettant de renforcer le syst\u00e8me immunitaire et de traiter les maladies&hellip;","og_url":"https:\/\/amvs.ch\/fr\/declaration-de-lassociation-faitiere-de-la-medecine-complementaire\/","og_site_name":"AMVS - Ayurveda Medizin Verband Schweiz","article_published_time":"2020-04-08T10:52:04+00:00","article_modified_time":"2020-04-08T15:48:59+00:00","author":"amvs_crype_admin","twitter_card":"summary_large_image","twitter_misc":{"\u00c9crit par":"amvs_crype_admin","Dur\u00e9e de lecture estim\u00e9e":"1 minute"},"schema":{"@context":"https:\/\/schema.org","@graph":[{"@type":"Article","@id":"https:\/\/amvs.ch\/fr\/declaration-de-lassociation-faitiere-de-la-medecine-complementaire\/#article","isPartOf":{"@id":"https:\/\/amvs.ch\/fr\/declaration-de-lassociation-faitiere-de-la-medecine-complementaire\/"},"author":{"name":"amvs_crype_admin","@id":"https:\/\/amvs.ch\/fr\/#\/schema\/person\/b7419cdad48807f487b4c5e167814cc8"},"headline":"Prise de position de la F\u00e9d\u00e9ration de la m\u00e9decine compl\u00e9mentaire","datePublished":"2020-04-08T10:52:04+00:00","dateModified":"2020-04-08T15:48:59+00:00","mainEntityOfPage":{"@id":"https:\/\/amvs.ch\/fr\/declaration-de-lassociation-faitiere-de-la-medecine-complementaire\/"},"wordCount":169,"publisher":{"@id":"https:\/\/amvs.ch\/fr\/#organization"},"articleSection":["Non classifi\u00e9(e)"],"inLanguage":"fr-FR"},{"@type":"WebPage","@id":"https:\/\/amvs.ch\/fr\/declaration-de-lassociation-faitiere-de-la-medecine-complementaire\/","url":"https:\/\/amvs.ch\/fr\/declaration-de-lassociation-faitiere-de-la-medecine-complementaire\/","name":"Prise de position de la F\u00e9d\u00e9ration de la m\u00e9decine compl\u00e9mentaire - AMVS - Ayurveda Medizin Verband Schweiz","isPartOf":{"@id":"https:\/\/amvs.ch\/fr\/#website"},"datePublished":"2020-04-08T10:52:04+00:00","dateModified":"2020-04-08T15:48:59+00:00","breadcrumb":{"@id":"https:\/\/amvs.ch\/fr\/declaration-de-lassociation-faitiere-de-la-medecine-complementaire\/#breadcrumb"},"inLanguage":"fr-FR","potentialAction":[{"@type":"ReadAction","target":["https:\/\/amvs.ch\/fr\/declaration-de-lassociation-faitiere-de-la-medecine-complementaire\/"]}]},{"@type":"BreadcrumbList","@id":"https:\/\/amvs.ch\/fr\/declaration-de-lassociation-faitiere-de-la-medecine-complementaire\/#breadcrumb","itemListElement":[{"@type":"ListItem","position":1,"name":"Startseite","item":"https:\/\/amvs.ch\/fr\/"},{"@type":"ListItem","position":2,"name":"Prise de position de la F\u00e9d\u00e9ration de la m\u00e9decine compl\u00e9mentaire"}]},{"@type":"WebSite","@id":"https:\/\/amvs.ch\/fr\/#website","url":"https:\/\/amvs.ch\/fr\/","name":"AMVS - Ayurveda Medizin Verband Schweiz","description":"Ayurveda Medizin Verband Schweiz","publisher":{"@id":"https:\/\/amvs.ch\/fr\/#organization"},"potentialAction":[{"@type":"SearchAction","target":{"@type":"EntryPoint","urlTemplate":"https:\/\/amvs.ch\/fr\/?s={search_term_string}"},"query-input":{"@type":"PropertyValueSpecification","valueRequired":true,"valueName":"search_term_string"}}],"inLanguage":"fr-FR"},{"@type":"Organization","@id":"https:\/\/amvs.ch\/fr\/#organization","name":"Ayurveda Medizin Verband Schweiz","url":"https:\/\/amvs.ch\/fr\/","logo":{"@type":"ImageObject","inLanguage":"fr-FR","@id":"https:\/\/amvs.ch\/fr\/#\/schema\/logo\/image\/","url":"https:\/\/amvs.ch\/wp-content\/uploads\/logo-amvs-pos.png","contentUrl":"https:\/\/amvs.ch\/wp-content\/uploads\/logo-amvs-pos.png","width":400,"height":63,"caption":"Ayurveda Medizin Verband Schweiz"},"image":{"@id":"https:\/\/amvs.ch\/fr\/#\/schema\/logo\/image\/"}},{"@type":"Person","@id":"https:\/\/amvs.ch\/fr\/#\/schema\/person\/b7419cdad48807f487b4c5e167814cc8","name":"amvs_crype_admin","image":{"@type":"ImageObject","inLanguage":"fr-FR","@id":"https:\/\/secure.gravatar.com\/avatar\/740d79112d4580a1a288dc83e0aa7a6190d656fbc2d9621cb750a1a652f1faa4?s=96&d=mm&r=g","url":"https:\/\/secure.gravatar.com\/avatar\/740d79112d4580a1a288dc83e0aa7a6190d656fbc2d9621cb750a1a652f1faa4?s=96&d=mm&r=g","contentUrl":"https:\/\/secure.gravatar.com\/avatar\/740d79112d4580a1a288dc83e0aa7a6190d656fbc2d9621cb750a1a652f1faa4?s=96&d=mm&r=g","caption":"amvs_crype_admin"}}]}},"_links":{"self":[{"href":"https:\/\/amvs.ch\/fr\/wp-json\/wp\/v2\/posts\/613","targetHints":{"allow":["GET"]}}],"collection":[{"href":"https:\/\/amvs.ch\/fr\/wp-json\/wp\/v2\/posts"}],"about":[{"href":"https:\/\/amvs.ch\/fr\/wp-json\/wp\/v2\/types\/post"}],"author":[{"embeddable":true,"href":"https:\/\/amvs.ch\/fr\/wp-json\/wp\/v2\/users\/9"}],"replies":[{"embeddable":true,"href":"https:\/\/amvs.ch\/fr\/wp-json\/wp\/v2\/comments?post=613"}],"version-history":[{"count":3,"href":"https:\/\/amvs.ch\/fr\/wp-json\/wp\/v2\/posts\/613\/revisions"}],"predecessor-version":[{"id":624,"href":"https:\/\/amvs.ch\/fr\/wp-json\/wp\/v2\/posts\/613\/revisions\/624"}],"wp:attachment":[{"href":"https:\/\/amvs.ch\/fr\/wp-json\/wp\/v2\/media?parent=613"}],"wp:term":[{"taxonomy":"category","embeddable":true,"href":"https:\/\/amvs.ch\/fr\/wp-json\/wp\/v2\/categories?post=613"},{"taxonomy":"post_tag","embeddable":true,"href":"https:\/\/amvs.ch\/fr\/wp-json\/wp\/v2\/tags?post=613"}],"curies":[{"name":"wp","href":"https:\/\/api.w.org\/{rel}","templated":true}]}}