{"id":645,"date":"2020-04-21T12:33:50","date_gmt":"2020-04-21T10:33:50","guid":{"rendered":"https:\/\/amvs.ch\/?p=645"},"modified":"2020-04-21T12:34:09","modified_gmt":"2020-04-21T10:34:09","slug":"demande-dindemnisation","status":"publish","type":"post","link":"https:\/\/amvs.ch\/fr\/demande-dindemnisation\/","title":{"rendered":"Demande d\u2019indemnisation"},"content":{"rendered":"<h4>Informations de l&rsquo;OdA AM<\/h4>\n<h2>Nouvelles lignes directrices pour le remplacement du revenu<\/h2>\n<p><u>Extension du droit \u00e0 la compensation de la perte de revenus dans les cas de d\u00e9tresse.<\/u>\u00a0<strong>D\u00e9sormais, des indemnit\u00e9s seront \u00e9galement vers\u00e9es aux travailleurs ind\u00e9pendants qui ne sont qu\u2019indirectement touch\u00e9s par les mesures officielles de lutte contre la pand\u00e9mie de corona parce qu\u2019ils sont autoris\u00e9s \u00e0 continuer \u00e0 travailler mais n\u2019ont pas ou peu de travail en raison de ces mesures<\/strong><\/p>\n<p>Une condition pr\u00e9alable est que le revenu provenant d\u2019une activit\u00e9 professionnelle soumise \u00e0 l\u2019AVS soit sup\u00e9rieure \u00e0 Frs. 10 000 mais ne d\u00e9passe pas Frs. 90 000.<\/p>\n<p>L\u2019actuelle indemnit\u00e9 corona pour perte de revenus est limit\u00e9e \u00e0 Frs. 196 par jour, soit Frs. 5880 par mois. Le droit prend effet r\u00e9troactivement du premier jour de la perte d\u2019emploi, au plus t\u00f4t \u00e0 partir du 17.3.2020, et prend fin apr\u00e8s deux mois, mais au plus tard lorsque les mesures de lutte contre la pand\u00e9mie de corona sont lev\u00e9es.<br \/>\n<strong>A partir d\u2019aujourd\u2019hui lundi 20.4.2020, les <\/strong><u>caisses cantonales de compensation<\/u><strong> devraient avoir mis en place un enregistrement en ligne.<\/strong><\/p>\n","protected":false},"excerpt":{"rendered":"<p>Informations de l&rsquo;OdA AM Nouvelles lignes directrices pour le remplacement du revenu Extension du droit \u00e0 la compensation de la perte de revenus dans les cas de d\u00e9tresse.\u00a0D\u00e9sormais, des indemnit\u00e9s seront \u00e9galement vers\u00e9es aux travailleurs ind\u00e9pendants qui ne sont qu\u2019indirectement touch\u00e9s par les mesures officielles de lutte contre la pand\u00e9mie de corona parce qu\u2019ils sont&hellip;<\/p>\n","protected":false},"author":6,"featured_media":0,"comment_status":"closed","ping_status":"closed","sticky":false,"template":"","format":"standard","meta":{"footnotes":""},"categories":[9],"tags":[],"class_list":["post-645","post","type-post","status-publish","format-standard","hentry","category-non-classifiee"],"yoast_head":"<!-- This site is optimized with the Yoast SEO plugin v27.3 - https:\/\/yoast.com\/product\/yoast-seo-wordpress\/ -->\n<title>Demande d\u2019indemnisation - AMVS - Ayurveda Medizin Verband Schweiz<\/title>\n<meta name=\"robots\" content=\"index, follow, max-snippet:-1, max-image-preview:large, max-video-preview:-1\" \/>\n<link rel=\"canonical\" href=\"https:\/\/amvs.ch\/fr\/demande-dindemnisation\/\" \/>\n<meta property=\"og:locale\" content=\"fr_FR\" \/>\n<meta property=\"og:type\" content=\"article\" \/>\n<meta property=\"og:title\" content=\"Demande d\u2019indemnisation - AMVS - Ayurveda Medizin Verband Schweiz\" \/>\n<meta property=\"og:description\" content=\"Informations de l&rsquo;OdA AM Nouvelles lignes directrices pour le remplacement du revenu Extension du droit \u00e0 la compensation de la perte de revenus dans les cas de d\u00e9tresse.\u00a0D\u00e9sormais, des indemnit\u00e9s seront \u00e9galement vers\u00e9es aux travailleurs ind\u00e9pendants qui ne sont qu\u2019indirectement touch\u00e9s par les mesures officielles de lutte contre la pand\u00e9mie de corona parce qu\u2019ils sont&hellip;\" \/>\n<meta property=\"og:url\" content=\"https:\/\/amvs.ch\/fr\/demande-dindemnisation\/\" \/>\n<meta property=\"og:site_name\" content=\"AMVS - Ayurveda Medizin Verband Schweiz\" \/>\n<meta property=\"article:published_time\" content=\"2020-04-21T10:33:50+00:00\" \/>\n<meta property=\"article:modified_time\" content=\"2020-04-21T10:34:09+00:00\" \/>\n<meta name=\"author\" content=\"Olive Haymoz\" \/>\n<meta name=\"twitter:card\" content=\"summary_large_image\" \/>\n<meta name=\"twitter:label1\" content=\"\u00c9crit par\" \/>\n\t<meta name=\"twitter:data1\" content=\"Olive Haymoz\" \/>\n\t<meta name=\"twitter:label2\" content=\"Dur\u00e9e de lecture estim\u00e9e\" \/>\n\t<meta name=\"twitter:data2\" content=\"1 minute\" \/>\n<script type=\"application\/ld+json\" class=\"yoast-schema-graph\">{\"@context\":\"https:\\\/\\\/schema.org\",\"@graph\":[{\"@type\":\"Article\",\"@id\":\"https:\\\/\\\/amvs.ch\\\/fr\\\/demande-dindemnisation\\\/#article\",\"isPartOf\":{\"@id\":\"https:\\\/\\\/amvs.ch\\\/fr\\\/demande-dindemnisation\\\/\"},\"author\":{\"name\":\"Olive Haymoz\",\"@id\":\"https:\\\/\\\/amvs.ch\\\/fr\\\/#\\\/schema\\\/person\\\/c7ad932115e328488fc6f7e013225e6e\"},\"headline\":\"Demande d\u2019indemnisation\",\"datePublished\":\"2020-04-21T10:33:50+00:00\",\"dateModified\":\"2020-04-21T10:34:09+00:00\",\"mainEntityOfPage\":{\"@id\":\"https:\\\/\\\/amvs.ch\\\/fr\\\/demande-dindemnisation\\\/\"},\"wordCount\":194,\"publisher\":{\"@id\":\"https:\\\/\\\/amvs.ch\\\/fr\\\/#organization\"},\"articleSection\":[\"Non classifi\u00e9(e)\"],\"inLanguage\":\"fr-FR\"},{\"@type\":\"WebPage\",\"@id\":\"https:\\\/\\\/amvs.ch\\\/fr\\\/demande-dindemnisation\\\/\",\"url\":\"https:\\\/\\\/amvs.ch\\\/fr\\\/demande-dindemnisation\\\/\",\"name\":\"Demande d\u2019indemnisation - AMVS - Ayurveda Medizin Verband Schweiz\",\"isPartOf\":{\"@id\":\"https:\\\/\\\/amvs.ch\\\/fr\\\/#website\"},\"datePublished\":\"2020-04-21T10:33:50+00:00\",\"dateModified\":\"2020-04-21T10:34:09+00:00\",\"breadcrumb\":{\"@id\":\"https:\\\/\\\/amvs.ch\\\/fr\\\/demande-dindemnisation\\\/#breadcrumb\"},\"inLanguage\":\"fr-FR\",\"potentialAction\":[{\"@type\":\"ReadAction\",\"target\":[\"https:\\\/\\\/amvs.ch\\\/fr\\\/demande-dindemnisation\\\/\"]}]},{\"@type\":\"BreadcrumbList\",\"@id\":\"https:\\\/\\\/amvs.ch\\\/fr\\\/demande-dindemnisation\\\/#breadcrumb\",\"itemListElement\":[{\"@type\":\"ListItem\",\"position\":1,\"name\":\"Startseite\",\"item\":\"https:\\\/\\\/amvs.ch\\\/fr\\\/\"},{\"@type\":\"ListItem\",\"position\":2,\"name\":\"Demande d\u2019indemnisation\"}]},{\"@type\":\"WebSite\",\"@id\":\"https:\\\/\\\/amvs.ch\\\/fr\\\/#website\",\"url\":\"https:\\\/\\\/amvs.ch\\\/fr\\\/\",\"name\":\"AMVS - Ayurveda Medizin Verband Schweiz\",\"description\":\"Ayurveda Medizin Verband Schweiz\",\"publisher\":{\"@id\":\"https:\\\/\\\/amvs.ch\\\/fr\\\/#organization\"},\"potentialAction\":[{\"@type\":\"SearchAction\",\"target\":{\"@type\":\"EntryPoint\",\"urlTemplate\":\"https:\\\/\\\/amvs.ch\\\/fr\\\/?s={search_term_string}\"},\"query-input\":{\"@type\":\"PropertyValueSpecification\",\"valueRequired\":true,\"valueName\":\"search_term_string\"}}],\"inLanguage\":\"fr-FR\"},{\"@type\":\"Organization\",\"@id\":\"https:\\\/\\\/amvs.ch\\\/fr\\\/#organization\",\"name\":\"Ayurveda Medizin Verband Schweiz\",\"url\":\"https:\\\/\\\/amvs.ch\\\/fr\\\/\",\"logo\":{\"@type\":\"ImageObject\",\"inLanguage\":\"fr-FR\",\"@id\":\"https:\\\/\\\/amvs.ch\\\/fr\\\/#\\\/schema\\\/logo\\\/image\\\/\",\"url\":\"https:\\\/\\\/amvs.ch\\\/wp-content\\\/uploads\\\/logo-amvs-pos.png\",\"contentUrl\":\"https:\\\/\\\/amvs.ch\\\/wp-content\\\/uploads\\\/logo-amvs-pos.png\",\"width\":400,\"height\":63,\"caption\":\"Ayurveda Medizin Verband Schweiz\"},\"image\":{\"@id\":\"https:\\\/\\\/amvs.ch\\\/fr\\\/#\\\/schema\\\/logo\\\/image\\\/\"}},{\"@type\":\"Person\",\"@id\":\"https:\\\/\\\/amvs.ch\\\/fr\\\/#\\\/schema\\\/person\\\/c7ad932115e328488fc6f7e013225e6e\",\"name\":\"Olive Haymoz\",\"image\":{\"@type\":\"ImageObject\",\"inLanguage\":\"fr-FR\",\"@id\":\"https:\\\/\\\/secure.gravatar.com\\\/avatar\\\/65558cf77d74c8dab72e64e5db7c03fef20b087dfc459e08e02fed30a1739b56?s=96&d=mm&r=g\",\"url\":\"https:\\\/\\\/secure.gravatar.com\\\/avatar\\\/65558cf77d74c8dab72e64e5db7c03fef20b087dfc459e08e02fed30a1739b56?s=96&d=mm&r=g\",\"contentUrl\":\"https:\\\/\\\/secure.gravatar.com\\\/avatar\\\/65558cf77d74c8dab72e64e5db7c03fef20b087dfc459e08e02fed30a1739b56?s=96&d=mm&r=g\",\"caption\":\"Olive Haymoz\"}}]}<\/script>\n<!-- \/ Yoast SEO plugin. -->","yoast_head_json":{"title":"Demande d\u2019indemnisation - AMVS - Ayurveda Medizin Verband Schweiz","robots":{"index":"index","follow":"follow","max-snippet":"max-snippet:-1","max-image-preview":"max-image-preview:large","max-video-preview":"max-video-preview:-1"},"canonical":"https:\/\/amvs.ch\/fr\/demande-dindemnisation\/","og_locale":"fr_FR","og_type":"article","og_title":"Demande d\u2019indemnisation - AMVS - Ayurveda Medizin Verband Schweiz","og_description":"Informations de l&rsquo;OdA AM Nouvelles lignes directrices pour le remplacement du revenu Extension du droit \u00e0 la compensation de la perte de revenus dans les cas de d\u00e9tresse.\u00a0D\u00e9sormais, des indemnit\u00e9s seront \u00e9galement vers\u00e9es aux travailleurs ind\u00e9pendants qui ne sont qu\u2019indirectement touch\u00e9s par les mesures officielles de lutte contre la pand\u00e9mie de corona parce qu\u2019ils sont&hellip;","og_url":"https:\/\/amvs.ch\/fr\/demande-dindemnisation\/","og_site_name":"AMVS - Ayurveda Medizin Verband Schweiz","article_published_time":"2020-04-21T10:33:50+00:00","article_modified_time":"2020-04-21T10:34:09+00:00","author":"Olive Haymoz","twitter_card":"summary_large_image","twitter_misc":{"\u00c9crit par":"Olive Haymoz","Dur\u00e9e de lecture estim\u00e9e":"1 minute"},"schema":{"@context":"https:\/\/schema.org","@graph":[{"@type":"Article","@id":"https:\/\/amvs.ch\/fr\/demande-dindemnisation\/#article","isPartOf":{"@id":"https:\/\/amvs.ch\/fr\/demande-dindemnisation\/"},"author":{"name":"Olive Haymoz","@id":"https:\/\/amvs.ch\/fr\/#\/schema\/person\/c7ad932115e328488fc6f7e013225e6e"},"headline":"Demande d\u2019indemnisation","datePublished":"2020-04-21T10:33:50+00:00","dateModified":"2020-04-21T10:34:09+00:00","mainEntityOfPage":{"@id":"https:\/\/amvs.ch\/fr\/demande-dindemnisation\/"},"wordCount":194,"publisher":{"@id":"https:\/\/amvs.ch\/fr\/#organization"},"articleSection":["Non classifi\u00e9(e)"],"inLanguage":"fr-FR"},{"@type":"WebPage","@id":"https:\/\/amvs.ch\/fr\/demande-dindemnisation\/","url":"https:\/\/amvs.ch\/fr\/demande-dindemnisation\/","name":"Demande d\u2019indemnisation - AMVS - Ayurveda Medizin Verband Schweiz","isPartOf":{"@id":"https:\/\/amvs.ch\/fr\/#website"},"datePublished":"2020-04-21T10:33:50+00:00","dateModified":"2020-04-21T10:34:09+00:00","breadcrumb":{"@id":"https:\/\/amvs.ch\/fr\/demande-dindemnisation\/#breadcrumb"},"inLanguage":"fr-FR","potentialAction":[{"@type":"ReadAction","target":["https:\/\/amvs.ch\/fr\/demande-dindemnisation\/"]}]},{"@type":"BreadcrumbList","@id":"https:\/\/amvs.ch\/fr\/demande-dindemnisation\/#breadcrumb","itemListElement":[{"@type":"ListItem","position":1,"name":"Startseite","item":"https:\/\/amvs.ch\/fr\/"},{"@type":"ListItem","position":2,"name":"Demande d\u2019indemnisation"}]},{"@type":"WebSite","@id":"https:\/\/amvs.ch\/fr\/#website","url":"https:\/\/amvs.ch\/fr\/","name":"AMVS - Ayurveda Medizin Verband Schweiz","description":"Ayurveda Medizin Verband Schweiz","publisher":{"@id":"https:\/\/amvs.ch\/fr\/#organization"},"potentialAction":[{"@type":"SearchAction","target":{"@type":"EntryPoint","urlTemplate":"https:\/\/amvs.ch\/fr\/?s={search_term_string}"},"query-input":{"@type":"PropertyValueSpecification","valueRequired":true,"valueName":"search_term_string"}}],"inLanguage":"fr-FR"},{"@type":"Organization","@id":"https:\/\/amvs.ch\/fr\/#organization","name":"Ayurveda Medizin Verband Schweiz","url":"https:\/\/amvs.ch\/fr\/","logo":{"@type":"ImageObject","inLanguage":"fr-FR","@id":"https:\/\/amvs.ch\/fr\/#\/schema\/logo\/image\/","url":"https:\/\/amvs.ch\/wp-content\/uploads\/logo-amvs-pos.png","contentUrl":"https:\/\/amvs.ch\/wp-content\/uploads\/logo-amvs-pos.png","width":400,"height":63,"caption":"Ayurveda Medizin Verband Schweiz"},"image":{"@id":"https:\/\/amvs.ch\/fr\/#\/schema\/logo\/image\/"}},{"@type":"Person","@id":"https:\/\/amvs.ch\/fr\/#\/schema\/person\/c7ad932115e328488fc6f7e013225e6e","name":"Olive Haymoz","image":{"@type":"ImageObject","inLanguage":"fr-FR","@id":"https:\/\/secure.gravatar.com\/avatar\/65558cf77d74c8dab72e64e5db7c03fef20b087dfc459e08e02fed30a1739b56?s=96&d=mm&r=g","url":"https:\/\/secure.gravatar.com\/avatar\/65558cf77d74c8dab72e64e5db7c03fef20b087dfc459e08e02fed30a1739b56?s=96&d=mm&r=g","contentUrl":"https:\/\/secure.gravatar.com\/avatar\/65558cf77d74c8dab72e64e5db7c03fef20b087dfc459e08e02fed30a1739b56?s=96&d=mm&r=g","caption":"Olive Haymoz"}}]}},"_links":{"self":[{"href":"https:\/\/amvs.ch\/fr\/wp-json\/wp\/v2\/posts\/645","targetHints":{"allow":["GET"]}}],"collection":[{"href":"https:\/\/amvs.ch\/fr\/wp-json\/wp\/v2\/posts"}],"about":[{"href":"https:\/\/amvs.ch\/fr\/wp-json\/wp\/v2\/types\/post"}],"author":[{"embeddable":true,"href":"https:\/\/amvs.ch\/fr\/wp-json\/wp\/v2\/users\/6"}],"replies":[{"embeddable":true,"href":"https:\/\/amvs.ch\/fr\/wp-json\/wp\/v2\/comments?post=645"}],"version-history":[{"count":1,"href":"https:\/\/amvs.ch\/fr\/wp-json\/wp\/v2\/posts\/645\/revisions"}],"predecessor-version":[{"id":646,"href":"https:\/\/amvs.ch\/fr\/wp-json\/wp\/v2\/posts\/645\/revisions\/646"}],"wp:attachment":[{"href":"https:\/\/amvs.ch\/fr\/wp-json\/wp\/v2\/media?parent=645"}],"wp:term":[{"taxonomy":"category","embeddable":true,"href":"https:\/\/amvs.ch\/fr\/wp-json\/wp\/v2\/categories?post=645"},{"taxonomy":"post_tag","embeddable":true,"href":"https:\/\/amvs.ch\/fr\/wp-json\/wp\/v2\/tags?post=645"}],"curies":[{"name":"wp","href":"https:\/\/api.w.org\/{rel}","templated":true}]}}