{"id":770,"date":"2020-10-25T16:11:05","date_gmt":"2020-10-25T15:11:05","guid":{"rendered":"https:\/\/amvs.ch\/?p=770"},"modified":"2020-10-25T16:11:05","modified_gmt":"2020-10-25T15:11:05","slug":"legislation-cantonale-lucerne-berne","status":"publish","type":"post","link":"https:\/\/amvs.ch\/fr\/legislation-cantonale-lucerne-berne\/","title":{"rendered":"L\u00e9gislation cantonale : Lucerne, Berne"},"content":{"rendered":"<p><strong>Lucerne<\/strong><strong>\u00a0<\/strong><\/p>\n<p>Apr\u00e8s de nombreuses ann\u00e9es d\u2019efforts, l\u2019association r\u00e9gionale des naturopathes avec le soutien de la CoPo (Comission Politique de l\u2019OrTra) ont r\u00e9ussi \u00e0 r\u00e9tablir les bases l\u00e9gales \u00e0 l\u2019obtention d\u2019une licence professionnelle de naturopathe. Le projet de loi (r\u00e9vision partielle de la loi sur les soins de sant\u00e9) a franchi le premier obstacle au Conseil et les r\u00e8glements correspondants devraient \u00eatre adopt\u00e9s dans l\u2019int\u00e9r\u00eat des professionnels.<\/p>\n<p>Le projet de r\u00e8glementation pr\u00e9voit la pr\u00e9servation des droits acquis pour les naturopathes d\u00e9j\u00e0 en activit\u00e9. Toute personne ayant obtenu le dipl\u00f4me f\u00e9d\u00e9ral se verra accorder une licence professionnelle.<\/p>\n<p>Les personnes, qui en vue de l\u2019obtention du dipl\u00f4me f\u00e9d\u00e9ral, effectuent leur pratique professionnelle requise, dans le cadre d\u2019un mentorat, auront besoin d\u2019une autorisation sp\u00e9cifique. Cette autorisation sera accord\u00e9e \u00e0 ceux qui d\u00e9tiennent le certificat de L\u2019OrTra MA et qui effectueront leur mentorat avec un mentor accr\u00e9dit\u00e9 par l\u2019OrTra MA. L\u2019autorisation (permis sp\u00e9cial) est limit\u00e9e \u00e0 5 ans. Toute prolongation reste possible, mais demeure uniquement dans les cas justifi\u00e9s.<\/p>\n<p>Dans le cadre de la formation pratique (requise pour l\u2019obtention du DF-M6), l\u2019activit\u00e9 pratique sous le contr\u00f4le d\u2019un naturopathe, titulaire d\u2019une licence professionnelle pour exercer ne n\u00e9cessite aucune autorisation sp\u00e9cifique.<\/p>\n<p><strong>Berne<\/strong><strong>\u00a0<\/strong><\/p>\n<p>Dans le canton de Berne, la proc\u00e9dure de consultation sur la Loi de Sant\u00e9 (LS) a \u00e9t\u00e9 lanc\u00e9e le 15 septembre 2020. L\u2019OrTra MA participera \u00e0 ce processus de consultation. Elle a d\u00e9j\u00e0 envoy\u00e9 les documents \u00e0 Fedmedcom afin d\u2019assurer une bonne coordination entre les divers organismes y participant.<\/p>\n<p>Liens :<\/p>\n<p>Informations concernant les proc\u00e9dures de consultations\u00a0:<\/p>\n<p><a href=\"https:\/\/www.be.ch\/portal\/fr\/veroeffentlichungen\/geschaefte\/vernehmlassungen.html\" target=\"_blank\" rel=\"noopener noreferrer\">https:\/\/www.be.ch\/portal\/fr\/veroeffentlichungen\/geschaefte\/vernehmlassungen.html<\/a><\/p>\n","protected":false},"excerpt":{"rendered":"<p>Lucerne\u00a0 Apr\u00e8s de nombreuses ann\u00e9es d\u2019efforts, l\u2019association r\u00e9gionale des naturopathes avec le soutien de la CoPo (Comission Politique de l\u2019OrTra) ont r\u00e9ussi \u00e0 r\u00e9tablir les bases l\u00e9gales \u00e0 l\u2019obtention d\u2019une licence professionnelle de naturopathe. Le projet de loi (r\u00e9vision partielle de la loi sur les soins de sant\u00e9) a franchi le premier obstacle au Conseil&hellip;<\/p>\n","protected":false},"author":6,"featured_media":0,"comment_status":"closed","ping_status":"closed","sticky":false,"template":"","format":"standard","meta":{"footnotes":""},"categories":[9],"tags":[],"class_list":["post-770","post","type-post","status-publish","format-standard","hentry","category-non-classifiee"],"yoast_head":"<!-- This site is optimized with the Yoast SEO plugin v27.3 - https:\/\/yoast.com\/product\/yoast-seo-wordpress\/ -->\n<title>L\u00e9gislation cantonale : Lucerne, Berne - AMVS - Ayurveda Medizin Verband Schweiz<\/title>\n<meta name=\"robots\" content=\"index, follow, max-snippet:-1, max-image-preview:large, max-video-preview:-1\" \/>\n<link rel=\"canonical\" href=\"https:\/\/amvs.ch\/fr\/legislation-cantonale-lucerne-berne\/\" \/>\n<meta property=\"og:locale\" content=\"fr_FR\" \/>\n<meta property=\"og:type\" content=\"article\" \/>\n<meta property=\"og:title\" content=\"L\u00e9gislation cantonale : Lucerne, Berne - AMVS - Ayurveda Medizin Verband Schweiz\" \/>\n<meta property=\"og:description\" content=\"Lucerne\u00a0 Apr\u00e8s de nombreuses ann\u00e9es d\u2019efforts, l\u2019association r\u00e9gionale des naturopathes avec le soutien de la CoPo (Comission Politique de l\u2019OrTra) ont r\u00e9ussi \u00e0 r\u00e9tablir les bases l\u00e9gales \u00e0 l\u2019obtention d\u2019une licence professionnelle de naturopathe. Le projet de loi (r\u00e9vision partielle de la loi sur les soins de sant\u00e9) a franchi le premier obstacle au Conseil&hellip;\" \/>\n<meta property=\"og:url\" content=\"https:\/\/amvs.ch\/fr\/legislation-cantonale-lucerne-berne\/\" \/>\n<meta property=\"og:site_name\" content=\"AMVS - Ayurveda Medizin Verband Schweiz\" \/>\n<meta property=\"article:published_time\" content=\"2020-10-25T15:11:05+00:00\" \/>\n<meta name=\"author\" content=\"Olive Haymoz\" \/>\n<meta name=\"twitter:card\" content=\"summary_large_image\" \/>\n<meta name=\"twitter:label1\" content=\"\u00c9crit par\" \/>\n\t<meta name=\"twitter:data1\" content=\"Olive Haymoz\" \/>\n\t<meta name=\"twitter:label2\" content=\"Dur\u00e9e de lecture estim\u00e9e\" \/>\n\t<meta name=\"twitter:data2\" content=\"2 minutes\" \/>\n<script type=\"application\/ld+json\" class=\"yoast-schema-graph\">{\"@context\":\"https:\\\/\\\/schema.org\",\"@graph\":[{\"@type\":\"Article\",\"@id\":\"https:\\\/\\\/amvs.ch\\\/fr\\\/legislation-cantonale-lucerne-berne\\\/#article\",\"isPartOf\":{\"@id\":\"https:\\\/\\\/amvs.ch\\\/fr\\\/legislation-cantonale-lucerne-berne\\\/\"},\"author\":{\"name\":\"Olive Haymoz\",\"@id\":\"https:\\\/\\\/amvs.ch\\\/fr\\\/#\\\/schema\\\/person\\\/c7ad932115e328488fc6f7e013225e6e\"},\"headline\":\"L\u00e9gislation cantonale : Lucerne, Berne\",\"datePublished\":\"2020-10-25T15:11:05+00:00\",\"mainEntityOfPage\":{\"@id\":\"https:\\\/\\\/amvs.ch\\\/fr\\\/legislation-cantonale-lucerne-berne\\\/\"},\"wordCount\":310,\"publisher\":{\"@id\":\"https:\\\/\\\/amvs.ch\\\/fr\\\/#organization\"},\"articleSection\":[\"Non classifi\u00e9(e)\"],\"inLanguage\":\"fr-FR\"},{\"@type\":\"WebPage\",\"@id\":\"https:\\\/\\\/amvs.ch\\\/fr\\\/legislation-cantonale-lucerne-berne\\\/\",\"url\":\"https:\\\/\\\/amvs.ch\\\/fr\\\/legislation-cantonale-lucerne-berne\\\/\",\"name\":\"L\u00e9gislation cantonale : Lucerne, Berne - AMVS - Ayurveda Medizin Verband Schweiz\",\"isPartOf\":{\"@id\":\"https:\\\/\\\/amvs.ch\\\/fr\\\/#website\"},\"datePublished\":\"2020-10-25T15:11:05+00:00\",\"breadcrumb\":{\"@id\":\"https:\\\/\\\/amvs.ch\\\/fr\\\/legislation-cantonale-lucerne-berne\\\/#breadcrumb\"},\"inLanguage\":\"fr-FR\",\"potentialAction\":[{\"@type\":\"ReadAction\",\"target\":[\"https:\\\/\\\/amvs.ch\\\/fr\\\/legislation-cantonale-lucerne-berne\\\/\"]}]},{\"@type\":\"BreadcrumbList\",\"@id\":\"https:\\\/\\\/amvs.ch\\\/fr\\\/legislation-cantonale-lucerne-berne\\\/#breadcrumb\",\"itemListElement\":[{\"@type\":\"ListItem\",\"position\":1,\"name\":\"Startseite\",\"item\":\"https:\\\/\\\/amvs.ch\\\/fr\\\/\"},{\"@type\":\"ListItem\",\"position\":2,\"name\":\"L\u00e9gislation cantonale : Lucerne, Berne\"}]},{\"@type\":\"WebSite\",\"@id\":\"https:\\\/\\\/amvs.ch\\\/fr\\\/#website\",\"url\":\"https:\\\/\\\/amvs.ch\\\/fr\\\/\",\"name\":\"AMVS - Ayurveda Medizin Verband Schweiz\",\"description\":\"Ayurveda Medizin Verband Schweiz\",\"publisher\":{\"@id\":\"https:\\\/\\\/amvs.ch\\\/fr\\\/#organization\"},\"potentialAction\":[{\"@type\":\"SearchAction\",\"target\":{\"@type\":\"EntryPoint\",\"urlTemplate\":\"https:\\\/\\\/amvs.ch\\\/fr\\\/?s={search_term_string}\"},\"query-input\":{\"@type\":\"PropertyValueSpecification\",\"valueRequired\":true,\"valueName\":\"search_term_string\"}}],\"inLanguage\":\"fr-FR\"},{\"@type\":\"Organization\",\"@id\":\"https:\\\/\\\/amvs.ch\\\/fr\\\/#organization\",\"name\":\"Ayurveda Medizin Verband Schweiz\",\"url\":\"https:\\\/\\\/amvs.ch\\\/fr\\\/\",\"logo\":{\"@type\":\"ImageObject\",\"inLanguage\":\"fr-FR\",\"@id\":\"https:\\\/\\\/amvs.ch\\\/fr\\\/#\\\/schema\\\/logo\\\/image\\\/\",\"url\":\"https:\\\/\\\/amvs.ch\\\/wp-content\\\/uploads\\\/logo-amvs-pos.png\",\"contentUrl\":\"https:\\\/\\\/amvs.ch\\\/wp-content\\\/uploads\\\/logo-amvs-pos.png\",\"width\":400,\"height\":63,\"caption\":\"Ayurveda Medizin Verband Schweiz\"},\"image\":{\"@id\":\"https:\\\/\\\/amvs.ch\\\/fr\\\/#\\\/schema\\\/logo\\\/image\\\/\"}},{\"@type\":\"Person\",\"@id\":\"https:\\\/\\\/amvs.ch\\\/fr\\\/#\\\/schema\\\/person\\\/c7ad932115e328488fc6f7e013225e6e\",\"name\":\"Olive Haymoz\",\"image\":{\"@type\":\"ImageObject\",\"inLanguage\":\"fr-FR\",\"@id\":\"https:\\\/\\\/secure.gravatar.com\\\/avatar\\\/65558cf77d74c8dab72e64e5db7c03fef20b087dfc459e08e02fed30a1739b56?s=96&d=mm&r=g\",\"url\":\"https:\\\/\\\/secure.gravatar.com\\\/avatar\\\/65558cf77d74c8dab72e64e5db7c03fef20b087dfc459e08e02fed30a1739b56?s=96&d=mm&r=g\",\"contentUrl\":\"https:\\\/\\\/secure.gravatar.com\\\/avatar\\\/65558cf77d74c8dab72e64e5db7c03fef20b087dfc459e08e02fed30a1739b56?s=96&d=mm&r=g\",\"caption\":\"Olive Haymoz\"}}]}<\/script>\n<!-- \/ Yoast SEO plugin. -->","yoast_head_json":{"title":"L\u00e9gislation cantonale : Lucerne, Berne - AMVS - Ayurveda Medizin Verband Schweiz","robots":{"index":"index","follow":"follow","max-snippet":"max-snippet:-1","max-image-preview":"max-image-preview:large","max-video-preview":"max-video-preview:-1"},"canonical":"https:\/\/amvs.ch\/fr\/legislation-cantonale-lucerne-berne\/","og_locale":"fr_FR","og_type":"article","og_title":"L\u00e9gislation cantonale : Lucerne, Berne - AMVS - Ayurveda Medizin Verband Schweiz","og_description":"Lucerne\u00a0 Apr\u00e8s de nombreuses ann\u00e9es d\u2019efforts, l\u2019association r\u00e9gionale des naturopathes avec le soutien de la CoPo (Comission Politique de l\u2019OrTra) ont r\u00e9ussi \u00e0 r\u00e9tablir les bases l\u00e9gales \u00e0 l\u2019obtention d\u2019une licence professionnelle de naturopathe. Le projet de loi (r\u00e9vision partielle de la loi sur les soins de sant\u00e9) a franchi le premier obstacle au Conseil&hellip;","og_url":"https:\/\/amvs.ch\/fr\/legislation-cantonale-lucerne-berne\/","og_site_name":"AMVS - Ayurveda Medizin Verband Schweiz","article_published_time":"2020-10-25T15:11:05+00:00","author":"Olive Haymoz","twitter_card":"summary_large_image","twitter_misc":{"\u00c9crit par":"Olive Haymoz","Dur\u00e9e de lecture estim\u00e9e":"2 minutes"},"schema":{"@context":"https:\/\/schema.org","@graph":[{"@type":"Article","@id":"https:\/\/amvs.ch\/fr\/legislation-cantonale-lucerne-berne\/#article","isPartOf":{"@id":"https:\/\/amvs.ch\/fr\/legislation-cantonale-lucerne-berne\/"},"author":{"name":"Olive Haymoz","@id":"https:\/\/amvs.ch\/fr\/#\/schema\/person\/c7ad932115e328488fc6f7e013225e6e"},"headline":"L\u00e9gislation cantonale : Lucerne, Berne","datePublished":"2020-10-25T15:11:05+00:00","mainEntityOfPage":{"@id":"https:\/\/amvs.ch\/fr\/legislation-cantonale-lucerne-berne\/"},"wordCount":310,"publisher":{"@id":"https:\/\/amvs.ch\/fr\/#organization"},"articleSection":["Non classifi\u00e9(e)"],"inLanguage":"fr-FR"},{"@type":"WebPage","@id":"https:\/\/amvs.ch\/fr\/legislation-cantonale-lucerne-berne\/","url":"https:\/\/amvs.ch\/fr\/legislation-cantonale-lucerne-berne\/","name":"L\u00e9gislation cantonale : Lucerne, Berne - AMVS - Ayurveda Medizin Verband Schweiz","isPartOf":{"@id":"https:\/\/amvs.ch\/fr\/#website"},"datePublished":"2020-10-25T15:11:05+00:00","breadcrumb":{"@id":"https:\/\/amvs.ch\/fr\/legislation-cantonale-lucerne-berne\/#breadcrumb"},"inLanguage":"fr-FR","potentialAction":[{"@type":"ReadAction","target":["https:\/\/amvs.ch\/fr\/legislation-cantonale-lucerne-berne\/"]}]},{"@type":"BreadcrumbList","@id":"https:\/\/amvs.ch\/fr\/legislation-cantonale-lucerne-berne\/#breadcrumb","itemListElement":[{"@type":"ListItem","position":1,"name":"Startseite","item":"https:\/\/amvs.ch\/fr\/"},{"@type":"ListItem","position":2,"name":"L\u00e9gislation cantonale : Lucerne, Berne"}]},{"@type":"WebSite","@id":"https:\/\/amvs.ch\/fr\/#website","url":"https:\/\/amvs.ch\/fr\/","name":"AMVS - Ayurveda Medizin Verband Schweiz","description":"Ayurveda Medizin Verband Schweiz","publisher":{"@id":"https:\/\/amvs.ch\/fr\/#organization"},"potentialAction":[{"@type":"SearchAction","target":{"@type":"EntryPoint","urlTemplate":"https:\/\/amvs.ch\/fr\/?s={search_term_string}"},"query-input":{"@type":"PropertyValueSpecification","valueRequired":true,"valueName":"search_term_string"}}],"inLanguage":"fr-FR"},{"@type":"Organization","@id":"https:\/\/amvs.ch\/fr\/#organization","name":"Ayurveda Medizin Verband Schweiz","url":"https:\/\/amvs.ch\/fr\/","logo":{"@type":"ImageObject","inLanguage":"fr-FR","@id":"https:\/\/amvs.ch\/fr\/#\/schema\/logo\/image\/","url":"https:\/\/amvs.ch\/wp-content\/uploads\/logo-amvs-pos.png","contentUrl":"https:\/\/amvs.ch\/wp-content\/uploads\/logo-amvs-pos.png","width":400,"height":63,"caption":"Ayurveda Medizin Verband Schweiz"},"image":{"@id":"https:\/\/amvs.ch\/fr\/#\/schema\/logo\/image\/"}},{"@type":"Person","@id":"https:\/\/amvs.ch\/fr\/#\/schema\/person\/c7ad932115e328488fc6f7e013225e6e","name":"Olive Haymoz","image":{"@type":"ImageObject","inLanguage":"fr-FR","@id":"https:\/\/secure.gravatar.com\/avatar\/65558cf77d74c8dab72e64e5db7c03fef20b087dfc459e08e02fed30a1739b56?s=96&d=mm&r=g","url":"https:\/\/secure.gravatar.com\/avatar\/65558cf77d74c8dab72e64e5db7c03fef20b087dfc459e08e02fed30a1739b56?s=96&d=mm&r=g","contentUrl":"https:\/\/secure.gravatar.com\/avatar\/65558cf77d74c8dab72e64e5db7c03fef20b087dfc459e08e02fed30a1739b56?s=96&d=mm&r=g","caption":"Olive Haymoz"}}]}},"_links":{"self":[{"href":"https:\/\/amvs.ch\/fr\/wp-json\/wp\/v2\/posts\/770","targetHints":{"allow":["GET"]}}],"collection":[{"href":"https:\/\/amvs.ch\/fr\/wp-json\/wp\/v2\/posts"}],"about":[{"href":"https:\/\/amvs.ch\/fr\/wp-json\/wp\/v2\/types\/post"}],"author":[{"embeddable":true,"href":"https:\/\/amvs.ch\/fr\/wp-json\/wp\/v2\/users\/6"}],"replies":[{"embeddable":true,"href":"https:\/\/amvs.ch\/fr\/wp-json\/wp\/v2\/comments?post=770"}],"version-history":[{"count":1,"href":"https:\/\/amvs.ch\/fr\/wp-json\/wp\/v2\/posts\/770\/revisions"}],"predecessor-version":[{"id":771,"href":"https:\/\/amvs.ch\/fr\/wp-json\/wp\/v2\/posts\/770\/revisions\/771"}],"wp:attachment":[{"href":"https:\/\/amvs.ch\/fr\/wp-json\/wp\/v2\/media?parent=770"}],"wp:term":[{"taxonomy":"category","embeddable":true,"href":"https:\/\/amvs.ch\/fr\/wp-json\/wp\/v2\/categories?post=770"},{"taxonomy":"post_tag","embeddable":true,"href":"https:\/\/amvs.ch\/fr\/wp-json\/wp\/v2\/tags?post=770"}],"curies":[{"name":"wp","href":"https:\/\/api.w.org\/{rel}","templated":true}]}}