{"id":867,"date":"2021-03-04T20:24:48","date_gmt":"2021-03-04T19:24:48","guid":{"rendered":"https:\/\/amvs.ch\/?p=867"},"modified":"2021-03-04T20:24:56","modified_gmt":"2021-03-04T19:24:56","slug":"ouverture-des-inscriptions-a-lexamen-m2-des-le-2-mars-2021","status":"publish","type":"post","link":"https:\/\/amvs.ch\/fr\/ouverture-des-inscriptions-a-lexamen-m2-des-le-2-mars-2021\/","title":{"rendered":"Ouverture des inscriptions \u00e0 l\u2019examen M2 d\u00e8s le 2 mars 2021"},"content":{"rendered":"<div>\n<p><span lang=\"FR-CH\">Retrouvez toutes les informations concernant l\u2019inscription \u00e0 l\u2019examen de module M2 m\u00e9decine ayurv\u00e9dique aux adresses suivantes\u00a0:<\/span><\/p>\n<\/div>\n<div>\n<p><span lang=\"FR-CH\">Of Ayurv\u00e9da CH :<\/span><\/p>\n<\/div>\n<div>\n<p><span lang=\"FR-CH\">Allemand :\u00a0<\/span><span lang=\"FR-CH\"><a href=\"https:\/\/to-ayurveda.ch\/blog\/2021\/03\/03\/ausschreibung-und-online-anmeldung-zur-fachrichtungsabschluss-pruefung-m2-ayurveda-medizin-im-sommer-2021\/\" target=\"_blank\" rel=\"noopener\">https:\/\/to-ayurveda.ch\/blog\/2021\/03\/03\/ausschreibung-und-online-anmeldung-zur-fachrichtungsabschluss-pruefung-m2-ayurveda-medizin-im-sommer-2021\/<\/a><\/span><\/p>\n<\/div>\n<div>\n<p><span lang=\"FR-CH\">Fran\u00e7ais :\u00a0\u00a0<\/span><span lang=\"FR-CH\"><a href=\"https:\/\/to-ayurveda.ch\/fr\/blog\/2021\/03\/03\/annonce-et-inscription-online-de-lexamen-de-la-certification-m2-medecine-ayurvedique-de-lete-2021\/\">https:\/\/to-ayurveda.ch\/fr\/blog\/2021\/03\/03\/annonce-et-inscription-online-de-lexamen-de-la-certification-m2-medecine-ayurvedique-de-lete-2021\/<\/a><\/span><\/p>\n<\/div>\n<div>\n<p><span lang=\"FR-CH\">OrTra MA :<\/span><\/p>\n<\/div>\n<div>\n<p><span lang=\"FR-CH\">Allemand :\u00a0<\/span><span lang=\"FR-CH\"><a href=\"https:\/\/www.oda-am.ch\/de\/module\/modul-m2\/\" target=\"_blank\" rel=\"noopener\">https:\/\/www.oda-am.ch\/de\/module\/modul-m2\/<\/a><\/span><\/p>\n<\/div>\n<div>\n<p><span lang=\"FR-CH\">Fran\u00e7ais :\u00a0<\/span><span lang=\"FR-CH\"><a href=\"https:\/\/www.oda-am.ch\/fr\/modules\/module-m2\/\" target=\"_blank\" rel=\"noopener\">https:\/\/www.oda-am.ch\/fr\/modules\/module-m2\/<\/a><\/span><\/p>\n<\/div>\n<div><span lang=\"FR-CH\">Italien (introduction):\u00a0<\/span><\/div>\n<div><span lang=\"FR-CH\"><a href=\"https:\/\/www.oda-am.ch\/it\/moduli\/modulo-m2\/\" target=\"_blank\" rel=\"noopener\">https:\/\/www.oda-am.ch\/it\/moduli\/modulo-m2\/<\/a><\/span><\/div>\n","protected":false},"excerpt":{"rendered":"<p>Retrouvez toutes les informations concernant l\u2019inscription \u00e0 l\u2019examen de module M2 m\u00e9decine ayurv\u00e9dique aux adresses suivantes\u00a0: Of Ayurv\u00e9da CH : Allemand :\u00a0https:\/\/to-ayurveda.ch\/blog\/2021\/03\/03\/ausschreibung-und-online-anmeldung-zur-fachrichtungsabschluss-pruefung-m2-ayurveda-medizin-im-sommer-2021\/ Fran\u00e7ais :\u00a0\u00a0https:\/\/to-ayurveda.ch\/fr\/blog\/2021\/03\/03\/annonce-et-inscription-online-de-lexamen-de-la-certification-m2-medecine-ayurvedique-de-lete-2021\/ OrTra MA : Allemand :\u00a0https:\/\/www.oda-am.ch\/de\/module\/modul-m2\/ Fran\u00e7ais :\u00a0https:\/\/www.oda-am.ch\/fr\/modules\/module-m2\/ Italien (introduction):\u00a0 https:\/\/www.oda-am.ch\/it\/moduli\/modulo-m2\/<\/p>\n","protected":false},"author":9,"featured_media":0,"comment_status":"closed","ping_status":"closed","sticky":false,"template":"","format":"standard","meta":{"footnotes":""},"categories":[9],"tags":[],"class_list":["post-867","post","type-post","status-publish","format-standard","hentry","category-non-classifiee"],"yoast_head":"<!-- This site is optimized with the Yoast SEO plugin v27.5 - https:\/\/yoast.com\/product\/yoast-seo-wordpress\/ -->\n<title>Ouverture des inscriptions \u00e0 l\u2019examen M2 d\u00e8s le 2 mars 2021 - AMVS - Ayurveda Medizin Verband Schweiz<\/title>\n<meta name=\"robots\" content=\"index, follow, max-snippet:-1, max-image-preview:large, max-video-preview:-1\" \/>\n<link rel=\"canonical\" href=\"https:\/\/amvs.ch\/fr\/ouverture-des-inscriptions-a-lexamen-m2-des-le-2-mars-2021\/\" \/>\n<meta property=\"og:locale\" content=\"fr_FR\" \/>\n<meta property=\"og:type\" content=\"article\" \/>\n<meta property=\"og:title\" content=\"Ouverture des inscriptions \u00e0 l\u2019examen M2 d\u00e8s le 2 mars 2021 - AMVS - Ayurveda Medizin Verband Schweiz\" \/>\n<meta property=\"og:description\" content=\"Retrouvez toutes les informations concernant l\u2019inscription \u00e0 l\u2019examen de module M2 m\u00e9decine ayurv\u00e9dique aux adresses suivantes\u00a0: Of Ayurv\u00e9da CH : Allemand :\u00a0https:\/\/to-ayurveda.ch\/blog\/2021\/03\/03\/ausschreibung-und-online-anmeldung-zur-fachrichtungsabschluss-pruefung-m2-ayurveda-medizin-im-sommer-2021\/ Fran\u00e7ais :\u00a0\u00a0https:\/\/to-ayurveda.ch\/fr\/blog\/2021\/03\/03\/annonce-et-inscription-online-de-lexamen-de-la-certification-m2-medecine-ayurvedique-de-lete-2021\/ OrTra MA : Allemand :\u00a0https:\/\/www.oda-am.ch\/de\/module\/modul-m2\/ Fran\u00e7ais :\u00a0https:\/\/www.oda-am.ch\/fr\/modules\/module-m2\/ Italien (introduction):\u00a0 https:\/\/www.oda-am.ch\/it\/moduli\/modulo-m2\/\" \/>\n<meta property=\"og:url\" content=\"https:\/\/amvs.ch\/fr\/ouverture-des-inscriptions-a-lexamen-m2-des-le-2-mars-2021\/\" \/>\n<meta property=\"og:site_name\" content=\"AMVS - Ayurveda Medizin Verband Schweiz\" \/>\n<meta property=\"article:published_time\" content=\"2021-03-04T19:24:48+00:00\" \/>\n<meta property=\"article:modified_time\" content=\"2021-03-04T19:24:56+00:00\" \/>\n<meta name=\"author\" content=\"amvs_crype_admin\" \/>\n<meta name=\"twitter:card\" content=\"summary_large_image\" \/>\n<meta name=\"twitter:label1\" content=\"\u00c9crit par\" \/>\n\t<meta name=\"twitter:data1\" content=\"amvs_crype_admin\" \/>\n\t<meta name=\"twitter:label2\" content=\"Dur\u00e9e de lecture estim\u00e9e\" \/>\n\t<meta name=\"twitter:data2\" content=\"1 minute\" \/>\n<script type=\"application\/ld+json\" class=\"yoast-schema-graph\">{\"@context\":\"https:\\\/\\\/schema.org\",\"@graph\":[{\"@type\":\"Article\",\"@id\":\"https:\\\/\\\/amvs.ch\\\/fr\\\/ouverture-des-inscriptions-a-lexamen-m2-des-le-2-mars-2021\\\/#article\",\"isPartOf\":{\"@id\":\"https:\\\/\\\/amvs.ch\\\/fr\\\/ouverture-des-inscriptions-a-lexamen-m2-des-le-2-mars-2021\\\/\"},\"author\":{\"name\":\"amvs_crype_admin\",\"@id\":\"https:\\\/\\\/amvs.ch\\\/fr\\\/#\\\/schema\\\/person\\\/b7419cdad48807f487b4c5e167814cc8\"},\"headline\":\"Ouverture des inscriptions \u00e0 l\u2019examen M2 d\u00e8s le 2 mars 2021\",\"datePublished\":\"2021-03-04T19:24:48+00:00\",\"dateModified\":\"2021-03-04T19:24:56+00:00\",\"mainEntityOfPage\":{\"@id\":\"https:\\\/\\\/amvs.ch\\\/fr\\\/ouverture-des-inscriptions-a-lexamen-m2-des-le-2-mars-2021\\\/\"},\"wordCount\":77,\"publisher\":{\"@id\":\"https:\\\/\\\/amvs.ch\\\/fr\\\/#organization\"},\"articleSection\":[\"Non classifi\u00e9(e)\"],\"inLanguage\":\"fr-FR\"},{\"@type\":\"WebPage\",\"@id\":\"https:\\\/\\\/amvs.ch\\\/fr\\\/ouverture-des-inscriptions-a-lexamen-m2-des-le-2-mars-2021\\\/\",\"url\":\"https:\\\/\\\/amvs.ch\\\/fr\\\/ouverture-des-inscriptions-a-lexamen-m2-des-le-2-mars-2021\\\/\",\"name\":\"Ouverture des inscriptions \u00e0 l\u2019examen M2 d\u00e8s le 2 mars 2021 - AMVS - Ayurveda Medizin Verband Schweiz\",\"isPartOf\":{\"@id\":\"https:\\\/\\\/amvs.ch\\\/fr\\\/#website\"},\"datePublished\":\"2021-03-04T19:24:48+00:00\",\"dateModified\":\"2021-03-04T19:24:56+00:00\",\"breadcrumb\":{\"@id\":\"https:\\\/\\\/amvs.ch\\\/fr\\\/ouverture-des-inscriptions-a-lexamen-m2-des-le-2-mars-2021\\\/#breadcrumb\"},\"inLanguage\":\"fr-FR\",\"potentialAction\":[{\"@type\":\"ReadAction\",\"target\":[\"https:\\\/\\\/amvs.ch\\\/fr\\\/ouverture-des-inscriptions-a-lexamen-m2-des-le-2-mars-2021\\\/\"]}]},{\"@type\":\"BreadcrumbList\",\"@id\":\"https:\\\/\\\/amvs.ch\\\/fr\\\/ouverture-des-inscriptions-a-lexamen-m2-des-le-2-mars-2021\\\/#breadcrumb\",\"itemListElement\":[{\"@type\":\"ListItem\",\"position\":1,\"name\":\"Startseite\",\"item\":\"https:\\\/\\\/amvs.ch\\\/fr\\\/\"},{\"@type\":\"ListItem\",\"position\":2,\"name\":\"Ouverture des inscriptions \u00e0 l\u2019examen M2 d\u00e8s le 2 mars 2021\"}]},{\"@type\":\"WebSite\",\"@id\":\"https:\\\/\\\/amvs.ch\\\/fr\\\/#website\",\"url\":\"https:\\\/\\\/amvs.ch\\\/fr\\\/\",\"name\":\"AMVS - Ayurveda Medizin Verband Schweiz\",\"description\":\"Ayurveda Medizin Verband Schweiz\",\"publisher\":{\"@id\":\"https:\\\/\\\/amvs.ch\\\/fr\\\/#organization\"},\"potentialAction\":[{\"@type\":\"SearchAction\",\"target\":{\"@type\":\"EntryPoint\",\"urlTemplate\":\"https:\\\/\\\/amvs.ch\\\/fr\\\/?s={search_term_string}\"},\"query-input\":{\"@type\":\"PropertyValueSpecification\",\"valueRequired\":true,\"valueName\":\"search_term_string\"}}],\"inLanguage\":\"fr-FR\"},{\"@type\":\"Organization\",\"@id\":\"https:\\\/\\\/amvs.ch\\\/fr\\\/#organization\",\"name\":\"Ayurveda Medizin Verband Schweiz\",\"url\":\"https:\\\/\\\/amvs.ch\\\/fr\\\/\",\"logo\":{\"@type\":\"ImageObject\",\"inLanguage\":\"fr-FR\",\"@id\":\"https:\\\/\\\/amvs.ch\\\/fr\\\/#\\\/schema\\\/logo\\\/image\\\/\",\"url\":\"https:\\\/\\\/amvs.ch\\\/wp-content\\\/uploads\\\/logo-amvs-pos.png\",\"contentUrl\":\"https:\\\/\\\/amvs.ch\\\/wp-content\\\/uploads\\\/logo-amvs-pos.png\",\"width\":400,\"height\":63,\"caption\":\"Ayurveda Medizin Verband Schweiz\"},\"image\":{\"@id\":\"https:\\\/\\\/amvs.ch\\\/fr\\\/#\\\/schema\\\/logo\\\/image\\\/\"}},{\"@type\":\"Person\",\"@id\":\"https:\\\/\\\/amvs.ch\\\/fr\\\/#\\\/schema\\\/person\\\/b7419cdad48807f487b4c5e167814cc8\",\"name\":\"amvs_crype_admin\",\"image\":{\"@type\":\"ImageObject\",\"inLanguage\":\"fr-FR\",\"@id\":\"https:\\\/\\\/secure.gravatar.com\\\/avatar\\\/740d79112d4580a1a288dc83e0aa7a6190d656fbc2d9621cb750a1a652f1faa4?s=96&d=mm&r=g\",\"url\":\"https:\\\/\\\/secure.gravatar.com\\\/avatar\\\/740d79112d4580a1a288dc83e0aa7a6190d656fbc2d9621cb750a1a652f1faa4?s=96&d=mm&r=g\",\"contentUrl\":\"https:\\\/\\\/secure.gravatar.com\\\/avatar\\\/740d79112d4580a1a288dc83e0aa7a6190d656fbc2d9621cb750a1a652f1faa4?s=96&d=mm&r=g\",\"caption\":\"amvs_crype_admin\"}}]}<\/script>\n<!-- \/ Yoast SEO plugin. -->","yoast_head_json":{"title":"Ouverture des inscriptions \u00e0 l\u2019examen M2 d\u00e8s le 2 mars 2021 - AMVS - Ayurveda Medizin Verband Schweiz","robots":{"index":"index","follow":"follow","max-snippet":"max-snippet:-1","max-image-preview":"max-image-preview:large","max-video-preview":"max-video-preview:-1"},"canonical":"https:\/\/amvs.ch\/fr\/ouverture-des-inscriptions-a-lexamen-m2-des-le-2-mars-2021\/","og_locale":"fr_FR","og_type":"article","og_title":"Ouverture des inscriptions \u00e0 l\u2019examen M2 d\u00e8s le 2 mars 2021 - AMVS - Ayurveda Medizin Verband Schweiz","og_description":"Retrouvez toutes les informations concernant l\u2019inscription \u00e0 l\u2019examen de module M2 m\u00e9decine ayurv\u00e9dique aux adresses suivantes\u00a0: Of Ayurv\u00e9da CH : Allemand :\u00a0https:\/\/to-ayurveda.ch\/blog\/2021\/03\/03\/ausschreibung-und-online-anmeldung-zur-fachrichtungsabschluss-pruefung-m2-ayurveda-medizin-im-sommer-2021\/ Fran\u00e7ais :\u00a0\u00a0https:\/\/to-ayurveda.ch\/fr\/blog\/2021\/03\/03\/annonce-et-inscription-online-de-lexamen-de-la-certification-m2-medecine-ayurvedique-de-lete-2021\/ OrTra MA : Allemand :\u00a0https:\/\/www.oda-am.ch\/de\/module\/modul-m2\/ Fran\u00e7ais :\u00a0https:\/\/www.oda-am.ch\/fr\/modules\/module-m2\/ Italien (introduction):\u00a0 https:\/\/www.oda-am.ch\/it\/moduli\/modulo-m2\/","og_url":"https:\/\/amvs.ch\/fr\/ouverture-des-inscriptions-a-lexamen-m2-des-le-2-mars-2021\/","og_site_name":"AMVS - Ayurveda Medizin Verband Schweiz","article_published_time":"2021-03-04T19:24:48+00:00","article_modified_time":"2021-03-04T19:24:56+00:00","author":"amvs_crype_admin","twitter_card":"summary_large_image","twitter_misc":{"\u00c9crit par":"amvs_crype_admin","Dur\u00e9e de lecture estim\u00e9e":"1 minute"},"schema":{"@context":"https:\/\/schema.org","@graph":[{"@type":"Article","@id":"https:\/\/amvs.ch\/fr\/ouverture-des-inscriptions-a-lexamen-m2-des-le-2-mars-2021\/#article","isPartOf":{"@id":"https:\/\/amvs.ch\/fr\/ouverture-des-inscriptions-a-lexamen-m2-des-le-2-mars-2021\/"},"author":{"name":"amvs_crype_admin","@id":"https:\/\/amvs.ch\/fr\/#\/schema\/person\/b7419cdad48807f487b4c5e167814cc8"},"headline":"Ouverture des inscriptions \u00e0 l\u2019examen M2 d\u00e8s le 2 mars 2021","datePublished":"2021-03-04T19:24:48+00:00","dateModified":"2021-03-04T19:24:56+00:00","mainEntityOfPage":{"@id":"https:\/\/amvs.ch\/fr\/ouverture-des-inscriptions-a-lexamen-m2-des-le-2-mars-2021\/"},"wordCount":77,"publisher":{"@id":"https:\/\/amvs.ch\/fr\/#organization"},"articleSection":["Non classifi\u00e9(e)"],"inLanguage":"fr-FR"},{"@type":"WebPage","@id":"https:\/\/amvs.ch\/fr\/ouverture-des-inscriptions-a-lexamen-m2-des-le-2-mars-2021\/","url":"https:\/\/amvs.ch\/fr\/ouverture-des-inscriptions-a-lexamen-m2-des-le-2-mars-2021\/","name":"Ouverture des inscriptions \u00e0 l\u2019examen M2 d\u00e8s le 2 mars 2021 - AMVS - Ayurveda Medizin Verband Schweiz","isPartOf":{"@id":"https:\/\/amvs.ch\/fr\/#website"},"datePublished":"2021-03-04T19:24:48+00:00","dateModified":"2021-03-04T19:24:56+00:00","breadcrumb":{"@id":"https:\/\/amvs.ch\/fr\/ouverture-des-inscriptions-a-lexamen-m2-des-le-2-mars-2021\/#breadcrumb"},"inLanguage":"fr-FR","potentialAction":[{"@type":"ReadAction","target":["https:\/\/amvs.ch\/fr\/ouverture-des-inscriptions-a-lexamen-m2-des-le-2-mars-2021\/"]}]},{"@type":"BreadcrumbList","@id":"https:\/\/amvs.ch\/fr\/ouverture-des-inscriptions-a-lexamen-m2-des-le-2-mars-2021\/#breadcrumb","itemListElement":[{"@type":"ListItem","position":1,"name":"Startseite","item":"https:\/\/amvs.ch\/fr\/"},{"@type":"ListItem","position":2,"name":"Ouverture des inscriptions \u00e0 l\u2019examen M2 d\u00e8s le 2 mars 2021"}]},{"@type":"WebSite","@id":"https:\/\/amvs.ch\/fr\/#website","url":"https:\/\/amvs.ch\/fr\/","name":"AMVS - Ayurveda Medizin Verband Schweiz","description":"Ayurveda Medizin Verband Schweiz","publisher":{"@id":"https:\/\/amvs.ch\/fr\/#organization"},"potentialAction":[{"@type":"SearchAction","target":{"@type":"EntryPoint","urlTemplate":"https:\/\/amvs.ch\/fr\/?s={search_term_string}"},"query-input":{"@type":"PropertyValueSpecification","valueRequired":true,"valueName":"search_term_string"}}],"inLanguage":"fr-FR"},{"@type":"Organization","@id":"https:\/\/amvs.ch\/fr\/#organization","name":"Ayurveda Medizin Verband Schweiz","url":"https:\/\/amvs.ch\/fr\/","logo":{"@type":"ImageObject","inLanguage":"fr-FR","@id":"https:\/\/amvs.ch\/fr\/#\/schema\/logo\/image\/","url":"https:\/\/amvs.ch\/wp-content\/uploads\/logo-amvs-pos.png","contentUrl":"https:\/\/amvs.ch\/wp-content\/uploads\/logo-amvs-pos.png","width":400,"height":63,"caption":"Ayurveda Medizin Verband Schweiz"},"image":{"@id":"https:\/\/amvs.ch\/fr\/#\/schema\/logo\/image\/"}},{"@type":"Person","@id":"https:\/\/amvs.ch\/fr\/#\/schema\/person\/b7419cdad48807f487b4c5e167814cc8","name":"amvs_crype_admin","image":{"@type":"ImageObject","inLanguage":"fr-FR","@id":"https:\/\/secure.gravatar.com\/avatar\/740d79112d4580a1a288dc83e0aa7a6190d656fbc2d9621cb750a1a652f1faa4?s=96&d=mm&r=g","url":"https:\/\/secure.gravatar.com\/avatar\/740d79112d4580a1a288dc83e0aa7a6190d656fbc2d9621cb750a1a652f1faa4?s=96&d=mm&r=g","contentUrl":"https:\/\/secure.gravatar.com\/avatar\/740d79112d4580a1a288dc83e0aa7a6190d656fbc2d9621cb750a1a652f1faa4?s=96&d=mm&r=g","caption":"amvs_crype_admin"}}]}},"_links":{"self":[{"href":"https:\/\/amvs.ch\/fr\/wp-json\/wp\/v2\/posts\/867","targetHints":{"allow":["GET"]}}],"collection":[{"href":"https:\/\/amvs.ch\/fr\/wp-json\/wp\/v2\/posts"}],"about":[{"href":"https:\/\/amvs.ch\/fr\/wp-json\/wp\/v2\/types\/post"}],"author":[{"embeddable":true,"href":"https:\/\/amvs.ch\/fr\/wp-json\/wp\/v2\/users\/9"}],"replies":[{"embeddable":true,"href":"https:\/\/amvs.ch\/fr\/wp-json\/wp\/v2\/comments?post=867"}],"version-history":[{"count":1,"href":"https:\/\/amvs.ch\/fr\/wp-json\/wp\/v2\/posts\/867\/revisions"}],"predecessor-version":[{"id":868,"href":"https:\/\/amvs.ch\/fr\/wp-json\/wp\/v2\/posts\/867\/revisions\/868"}],"wp:attachment":[{"href":"https:\/\/amvs.ch\/fr\/wp-json\/wp\/v2\/media?parent=867"}],"wp:term":[{"taxonomy":"category","embeddable":true,"href":"https:\/\/amvs.ch\/fr\/wp-json\/wp\/v2\/categories?post=867"},{"taxonomy":"post_tag","embeddable":true,"href":"https:\/\/amvs.ch\/fr\/wp-json\/wp\/v2\/tags?post=867"}],"curies":[{"name":"wp","href":"https:\/\/api.w.org\/{rel}","templated":true}]}}